{"id":1704,"date":"2014-03-13T12:02:38","date_gmt":"2014-03-13T12:02:38","guid":{"rendered":"http:\/\/rurallascolonias.com.ar\/?p=1704"},"modified":"2014-03-13T12:03:03","modified_gmt":"2014-03-13T12:03:03","slug":"scioli-bonfatti-y-de-la-sota-compartieron-la-inauguracion-oficial-de-expoagro","status":"publish","type":"post","link":"http:\/\/rurallascolonias.com.ar\/?p=1704","title":{"rendered":"SCIOLI, BONFATTI Y DE LA SOTA COMPARTIERON LA INAUGURACI\u00d3N OFICIAL DE EXPOAGRO"},"content":{"rendered":"<p style=\"text-align: center;\"><a href=\"http:\/\/rurallascolonias.com.ar\/wp-content\/uploads\/2014\/03\/EXPOAGRO.jpg\"><img loading=\"lazy\" class=\"aligncenter  wp-image-1705\" alt=\"EXPOAGRO\" src=\"http:\/\/rurallascolonias.com.ar\/wp-content\/uploads\/2014\/03\/EXPOAGRO.jpg\" width=\"389\" height=\"201\" srcset=\"http:\/\/rurallascolonias.com.ar\/wp-content\/uploads\/2014\/03\/EXPOAGRO.jpg 648w, http:\/\/rurallascolonias.com.ar\/wp-content\/uploads\/2014\/03\/EXPOAGRO-300x155.jpg 300w, http:\/\/rurallascolonias.com.ar\/wp-content\/uploads\/2014\/03\/EXPOAGRO-600x310.jpg 600w, http:\/\/rurallascolonias.com.ar\/wp-content\/uploads\/2014\/03\/EXPOAGRO-624x322.jpg 624w\" sizes=\"(max-width: 389px) 100vw, 389px\" \/><\/a>Tras el corte de cintas, los gobernadores de Buenos Aires, Santa Fe y C\u00f3rdoba firmaron un Convenio de Cooperaci\u00f3n Rec\u00edproca de Pol\u00edticas Agropecuarias<!--more--><\/p>\n<p>Los gobernadores Daniel Scioli, de Buenos Aires; Antonio Bonfatti, de Santa Fe y Jos\u00e9 Manuel De la Sota, de C\u00f3rdoba, encabezaron la jornada inaugural de Expoagro 2014 y fueron los protagonistas centrales del tradicional corte de cintas. En un d\u00eda a pleno sol, los mandatarios provinciales tambi\u00e9n firmaron un Convenio de Cooperaci\u00f3n Rec\u00edproca de Pol\u00edticas Agropecuarias, por el cual se comprometieron p\u00fablicamente \u201ca seguir trabajando arduamente en la b\u00fasqueda de soluciones para las necesidades del sector\u201d.<\/p>\n<p>Tambi\u00e9n se hicieron presentes los titulares de las cuatro entidades que integran la Mesa de Enlace agropecuaria, Eduardo Buzzi (FAA), Carlos Garetto (Coninagro), Luis Miguel Etchevehere (SRA) y Rub\u00e9n Ferrero (CRA), m\u00e1s el diputado nacional santafesino Hermes Binner, acompa\u00f1ando a los miembros del Comit\u00e9 Ejecutivo de la muestra, Eugenio Schlossberg, Tom\u00e1s Salvagni, Mart\u00edn Schvartzman y Marcela Noble Herrera. Como tambi\u00e9n los directivos de Clar\u00edn y La Naci\u00f3n, Jos\u00e9 y H\u00e9ctor Aranda, Jos\u00e9 Claudio Escribano, Dolores Mitre y Norberto Frigerio.<\/p>\n<p>Una vez concluida la ceremonia oficial, los mandatarios realizaron una extensa caminata que incluy\u00f3 visitas a los stands institucionales de sus respectivas provincias. En un alto de la recorrida, el gobernador Scioli afirm\u00f3 que \u201cla Provincia est\u00e1 en condiciones de brindar un considerable aporte a la integraci\u00f3n y complementaci\u00f3n del corredor productivo que integra junto con Santa Fe y C\u00f3rdoba\u201d. Y plante\u00f3: \u201cNuestra responsabilidad es encarar los desaf\u00edos planteados por este sector estrat\u00e9gico de la econom\u00eda argentina, agregando valor y desarrollando a pleno su gran potencial\u201d.<\/p>\n<p>A su lado, Antonio Bonfatti record\u00f3 que se vive \u201cuna revoluci\u00f3n en el campo\u201d y que los estados deben acompa\u00f1arla con \u201cmedidas fiscales y tributarias\u201d y con la b\u00fasqueda de profesionales que \u201cagreguen conocimiento a la transformaci\u00f3n de la producci\u00f3n\u201d. Tambi\u00e9n llam\u00f3 a consensuar pol\u00edticas activas dentro del marco de \u201cuna enorme potencialidad para un mundo que demanda las respuestas de la Argentina\u201d.<\/p>\n<p>Finalmente, De la Sota, acompa\u00f1ado por sus ministros Juli\u00e1n L\u00f3pez (Agricultura), Mart\u00edn Llaryora (Industria), consider\u00f3 \u201cfundamental cuidar la producci\u00f3n agroalimentaria\u201d, porque su modelo de pa\u00eds \u201capunta a que seamos los principales proveedores mundiales de alimentos y biocombustibles del mundo en alianza estrat\u00e9gica con Brasil\u201d.<\/p>\n<p>En el acto de apertura tambi\u00e9n estuvieron presentes Gustavo Marangoni (presidente del Banco de la Provincia de Buenos Aires) Alejandro \u201cTopo\u201d Rodr\u00edguez (secretario de Asuntos Agrarios de Buenos Aires), Baltazar Saravia (ministro de Ambiente y Producci\u00f3n Sustentable de Salta), Ger\u00f3nimo \u201cMomo\u201d Venegas (secretario general de UATRE), Germ\u00e1n Albrecht (subsecretario de Planificaci\u00f3n Productiva de Salta).<\/p>\n<p>&nbsp;<\/p>\n<div>\n<div>Expoagro<\/div>\n<\/div>\n","protected":false},"excerpt":{"rendered":"<p>Tras el corte de cintas, los gobernadores de Buenos Aires, Santa Fe y C\u00f3rdoba firmaron un Convenio de Cooperaci\u00f3n Rec\u00edproca de Pol\u00edticas Agropecuarias<\/p>\n","protected":false},"author":5,"featured_media":0,"comment_status":"closed","ping_status":"closed","sticky":false,"template":"","format":"standard","meta":[],"categories":[42],"tags":[118,687,679,678,688],"_links":{"self":[{"href":"http:\/\/rurallascolonias.com.ar\/index.php?rest_route=\/wp\/v2\/posts\/1704"}],"collection":[{"href":"http:\/\/rurallascolonias.com.ar\/index.php?rest_route=\/wp\/v2\/posts"}],"about":[{"href":"http:\/\/rurallascolonias.com.ar\/index.php?rest_route=\/wp\/v2\/types\/post"}],"author":[{"embeddable":true,"href":"http:\/\/rurallascolonias.com.ar\/index.php?rest_route=\/wp\/v2\/users\/5"}],"replies":[{"embeddable":true,"href":"http:\/\/rurallascolonias.com.ar\/index.php?rest_route=%2Fwp%2Fv2%2Fcomments&post=1704"}],"version-history":[{"count":1,"href":"http:\/\/rurallascolonias.com.ar\/index.php?rest_route=\/wp\/v2\/posts\/1704\/revisions"}],"predecessor-version":[{"id":1706,"href":"http:\/\/rurallascolonias.com.ar\/index.php?rest_route=\/wp\/v2\/posts\/1704\/revisions\/1706"}],"wp:attachment":[{"href":"http:\/\/rurallascolonias.com.ar\/index.php?rest_route=%2Fwp%2Fv2%2Fmedia&parent=1704"}],"wp:term":[{"taxonomy":"category","embeddable":true,"href":"http:\/\/rurallascolonias.com.ar\/index.php?rest_route=%2Fwp%2Fv2%2Fcategories&post=1704"},{"taxonomy":"post_tag","embeddable":true,"href":"http:\/\/rurallascolonias.com.ar\/index.php?rest_route=%2Fwp%2Fv2%2Ftags&post=1704"}],"curies":[{"name":"wp","href":"https:\/\/api.w.org\/{rel}","templated":true}]}}