{"id":17039,"date":"2018-11-02T11:35:08","date_gmt":"2018-11-02T11:35:08","guid":{"rendered":"http:\/\/rurallascolonias.com.ar\/?p=17039"},"modified":"2018-11-02T11:35:08","modified_gmt":"2018-11-02T11:35:08","slug":"por-la-sequia-la-molienda-de-soja-es-la-mas-baja-en-los-ultimos-6-anos","status":"publish","type":"post","link":"http:\/\/rurallascolonias.com.ar\/?p=17039","title":{"rendered":"POR LA SEQU\u00cdA, LA MOLIENDA DE SOJA ES LA M\u00c1S BAJA EN LOS \u00daLTIMOS 6 A\u00d1OS"},"content":{"rendered":"<div class=\"vw-page-content\">\n<article class=\"post-45723 post type-post status-publish format-standard has-post-thumbnail hentry category-campo vw-main-post clearfix\">\n<div class=\"vw-post-content clearfix\">\n<h3><em><a href=\"http:\/\/rurallascolonias.com.ar\/?attachment_id=17040\" rel=\"attachment wp-att-17040\"><img loading=\"lazy\" class=\"aligncenter size-full wp-image-17040\" src=\"http:\/\/rurallascolonias.com.ar\/wp-content\/uploads\/2018\/11\/trigo-acopio-750x500.jpg\" alt=\"\" width=\"750\" height=\"500\" srcset=\"http:\/\/rurallascolonias.com.ar\/wp-content\/uploads\/2018\/11\/trigo-acopio-750x500.jpg 750w, http:\/\/rurallascolonias.com.ar\/wp-content\/uploads\/2018\/11\/trigo-acopio-750x500-300x200.jpg 300w, http:\/\/rurallascolonias.com.ar\/wp-content\/uploads\/2018\/11\/trigo-acopio-750x500-600x400.jpg 600w, http:\/\/rurallascolonias.com.ar\/wp-content\/uploads\/2018\/11\/trigo-acopio-750x500-624x416.jpg 624w\" sizes=\"(max-width: 750px) 100vw, 750px\" \/><\/a>En t\u00e9rminos de volumen se procesaron 4 millones de toneladas menos que en el ciclo previo, derivando en una disminuci\u00f3n en la producci\u00f3n de harina y aceite del 18% y 15% respectivamente<\/em><\/h3>\n<p><span class=\"vw-dropcap vw-dropcap-standard\">D<\/span>urante el primer semestre de la campa\u00f1a comercial 2017\/18, comprendido entre abril y septiembre de este a\u00f1o, la molienda de soja cay\u00f3 un 17% respecto a igual periodo del a\u00f1o anterior, siendo el registro m\u00e1s bajo de las \u00faltimas seis campa\u00f1as, seg\u00fan un informe de la Bolsa de Cereales de C\u00f3rdoba.<\/p>\n<p>Esta ca\u00edda en la industrializaci\u00f3n se debe a que la producci\u00f3n de soja 2017\/18 enArgentina fue la m\u00e1s baja de las ultimas nueve campa\u00f1as, producto de la sequ\u00eda de fines de 2017 y comienzos de 2018, lo que redund\u00f3 en una menor disponibilidad de mercader\u00eda y mayores costos de adquisici\u00f3n para la industria de procesamiento, indic\u00f3 la entidad.<\/p>\n<p>En relaci\u00f3n al precio del poroto de soja respecto de sus subproductos, la bolsa cordobesa destac\u00f3 una tendencia decreciente en los \u00faltimos 6 meses, por lo que se vuelve m\u00e1s atractivo exportar el grano sin procesar, que transformarlo y exportar sus derivados, cuyo valor esrelativamente menor.<\/p>\n<p>Esto se encuentra relacionado a la eliminaci\u00f3n del diferencial que exist\u00eda en nuestro pa\u00eds entre los derechos a la exportaci\u00f3n del poroto de soja y sus derivados.<\/p>\n<p>A su vez, la relaci\u00f3n entre la soja y sus subproductos se acent\u00fao por la guerra comercial de Estados Unidos y China, que provoc\u00f3 que el precio del poroto en Sudam\u00e9rica fuera mayor al del mercado de Chicago, debido a la necesidad del pa\u00eds asi\u00e1tico de poroto para moler en su territorio.<\/p>\n<p>Fuente: Clar\u00edn Rural<\/p>\n<\/div>\n<\/article>\n<\/div>\n<p><!--more--><\/p>\n<aside class=\"vw-page-sidebar vw-page-sidebar-right\">\n<div class=\"vw-sticky-sidebar-wrapper\"><\/div>\n<\/aside>\n","protected":false},"excerpt":{"rendered":"<p>En t\u00e9rminos de volumen se procesaron 4 millones de toneladas menos que en el ciclo previo, derivando en una disminuci\u00f3n en la producci\u00f3n de harina y aceite del 18% y 15% respectivamente Durante el primer semestre de la campa\u00f1a comercial 2017\/18, comprendido entre abril y septiembre de este a\u00f1o, la molienda de soja cay\u00f3 un [&hellip;]<\/p>\n","protected":false},"author":5,"featured_media":0,"comment_status":"open","ping_status":"open","sticky":false,"template":"","format":"standard","meta":[],"categories":[1],"tags":[],"_links":{"self":[{"href":"http:\/\/rurallascolonias.com.ar\/index.php?rest_route=\/wp\/v2\/posts\/17039"}],"collection":[{"href":"http:\/\/rurallascolonias.com.ar\/index.php?rest_route=\/wp\/v2\/posts"}],"about":[{"href":"http:\/\/rurallascolonias.com.ar\/index.php?rest_route=\/wp\/v2\/types\/post"}],"author":[{"embeddable":true,"href":"http:\/\/rurallascolonias.com.ar\/index.php?rest_route=\/wp\/v2\/users\/5"}],"replies":[{"embeddable":true,"href":"http:\/\/rurallascolonias.com.ar\/index.php?rest_route=%2Fwp%2Fv2%2Fcomments&post=17039"}],"version-history":[{"count":1,"href":"http:\/\/rurallascolonias.com.ar\/index.php?rest_route=\/wp\/v2\/posts\/17039\/revisions"}],"predecessor-version":[{"id":17041,"href":"http:\/\/rurallascolonias.com.ar\/index.php?rest_route=\/wp\/v2\/posts\/17039\/revisions\/17041"}],"wp:attachment":[{"href":"http:\/\/rurallascolonias.com.ar\/index.php?rest_route=%2Fwp%2Fv2%2Fmedia&parent=17039"}],"wp:term":[{"taxonomy":"category","embeddable":true,"href":"http:\/\/rurallascolonias.com.ar\/index.php?rest_route=%2Fwp%2Fv2%2Fcategories&post=17039"},{"taxonomy":"post_tag","embeddable":true,"href":"http:\/\/rurallascolonias.com.ar\/index.php?rest_route=%2Fwp%2Fv2%2Ftags&post=17039"}],"curies":[{"name":"wp","href":"https:\/\/api.w.org\/{rel}","templated":true}]}}