{"id":17017,"date":"2018-10-31T15:47:48","date_gmt":"2018-10-31T15:47:48","guid":{"rendered":"http:\/\/rurallascolonias.com.ar\/?p=17017"},"modified":"2018-10-31T15:47:48","modified_gmt":"2018-10-31T15:47:48","slug":"sancor-dia-s-nace-una-nueva-sancor","status":"publish","type":"post","link":"http:\/\/rurallascolonias.com.ar\/?p=17017","title":{"rendered":"SANCOR | D\u00cdA S, NACE UNA NUEVA SANCOR"},"content":{"rendered":"<p><strong><em><a href=\"http:\/\/rurallascolonias.com.ar\/?attachment_id=13832\" rel=\"attachment wp-att-13832\"><img loading=\"lazy\" class=\"aligncenter size-full wp-image-13832\" src=\"http:\/\/rurallascolonias.com.ar\/wp-content\/uploads\/2017\/03\/sancor.jpg\" alt=\"\" width=\"300\" height=\"168\" \/><\/a>Decisiva asamblea de SanCor<\/em><\/strong><br \/>\n<strong><em>Tratar\u00e1 memoria y balance y la venta de dos plantas a Adecoagro, por U$ S 45 millones<\/em><\/strong><!--more--><\/p>\n<p>anCor Cooperativas Unidas Limitadas (CUL), la l\u00e1ctea con sede en Sunchales, al oeste de esta provincia, se encaminar\u00e1 este mi\u00e9rcoles hacia una efectiva recuperaci\u00f3n econ\u00f3mica e industrial, dejando atr\u00e1s varios a\u00f1os de incertidumbre, por sus elevadas deudas que provocaron un principio de desguace de la estructura que logr\u00f3 integrar desde el 17 de septiembre de 1938, cuando un grupo de cooperativistas de Santa Fe y C\u00f3rdoba dieron nacimiento a la que fue la empresa l\u00edder en l\u00e1cteos.<\/p>\n<p>La asamblea de asociados, convocada para las 10.30, deber\u00e1 considerar, y aprobar, Memoria y Balance del ejercicio vencido, y la venta de activos, seg\u00fan la oferta del grupo Adecoagro; estos son: dos plantas (Chivilcoy y Morteros), por U$ S 45 millones. Adem\u00e1s, los asociados tendr\u00e1n que avalar la transferencia del 10 % que SanCor tiene en el negocio de postres, yogures y flanes en Arsa, la sociedad que arm\u00f3 con Vicent\u00edn y a quien ya le hab\u00eda vendido un 90 % a cambio de unos U$ S 100 millones. Los tamberos de SanCor tambi\u00e9n votar\u00e1n la venta del Centro de Distribuci\u00f3n C\u00f3rdoba y la marca Lechelita, con plantas y personal vinculado a Arsa.<\/p>\n<p>Como inform\u00f3 este diario oportunamente, por ahora la cooperativa no eval\u00faa la venta de m\u00e1s plantas industriales.<\/p>\n<p>\u201cEstamos frente a la etapa grande de la reestructuraci\u00f3n. Esta venta permitir\u00e1 cancelar deudas e ir adecuando la estructura a los nuevos negocios, con la marca que nos identifica. Si todo se aprueba, para SanCor ser\u00e1 como dar una vuelta de p\u00e1gina, porque habr\u00e1 continuidad industrial de la cooperativa, que adem\u00e1s seguir\u00e1 con la fortaleza de la marca. No obstante, esto no quiere significar que a futuro no se eval\u00faen otras acciones que signifiquen m\u00e1s previsibilidad al negocio\u201d, confi\u00f3 a El Litoral una fuente cercana al consejo directivo de la empresa.<\/p>\n<p>El plan de negocios es hacerse fuerte con su marca en las seis plantas que est\u00e1n operativas: tres en la provincia de C\u00f3rdoba y otras tres en Santa Fe. No obstante, no descarta la posibilidad de mantener negociaciones para posibles alianzas con otras empresas por alguno de sus activos intangibles (marcas) o l\u00edneas espec\u00edficas de negocios.<br \/>\nEn Santa Fe la cooperativa seguir\u00e1 administrando tres establecimientos: Sunchales (planta central), San Guillermo y G\u00e1lvez. En Sunchales elabora dulce de leche y las l\u00edneas de leches larga vida (blanca y chocolatada), infantiles y en polvo. A la de San Guillermo (departamento San Crist\u00f3bal) destinar\u00e1 leche para elaborar queso en barra y mozzarella. Y en G\u00e1lvez, llevar\u00e1 a cabo la maduraci\u00f3n de los quesos procesados.<\/p>\n<p>En la provincia de C\u00f3rdoba, SanCor concentrar\u00e1 su producci\u00f3n en la planta de Devoto, donde elaborar\u00e1 crema y manteca. En Balnearia seguir\u00e1 con la producci\u00f3n de quesos, cuyo nivel de elaboraci\u00f3n se vio potenciado a partir del traslado a esas instalaciones de las l\u00edneas que se hac\u00edan hasta abril de 2017 en Coronel Moldes. Y en la planta de La Carlota se concentrar\u00e1 la elaboraci\u00f3n de quesos \u201cduros\u201d.<\/p>\n<p>SanCor ya transfiri\u00f3 las plantas de Coronel Moldes a una cooperativa de Huanchilla, la ubicada en Centeno (Santa Fe) a la empresa La Tarantela y la radicada en General Charlone (Buenos Aires), a San Gotardo, una l\u00e1ctea de la regi\u00f3n. La cooperativa l\u00e1ctea hoy procesa 1.250.000 litros, por encima de los menos de 800.000 que tuvo en plena crisis.<\/p>\n<p>Bueno para las partes<\/p>\n<p>Este paso que dar\u00e1n los asociados a la cooperativa \u201ces muy bueno para ambas partes. Para Adecoagro, porque ingresa a la industrializaci\u00f3n de consumo masivo, y para SanCor porque con esto le da la posibilidad de cancelar todas las APE (Acuerdo Preventivo Extrajudicial), adem\u00e1s de otras obligaciones pendientes de pago, y terminar la etapa de reestructuraci\u00f3n encarada\u201d, seg\u00fan se explic\u00f3 ante una consulta de este diario. \u201cPero la negociaci\u00f3n sigue porque SanCor tiene otros activos disponibles. La gran novedad es que se resguardan los puestos laborales mientras se reducen las estructuras, bajan las deudas y se genera la posibilidad de la continuidad industrial de SanCor, que pod\u00eda estar en dudas\u201d, agreg\u00f3 la fuente.<\/p>\n<p>Pensando en Brasil<\/p>\n<p>El triunfo de Bolsonaro en Brasil podr\u00eda generar cambios que afectar\u00edan al sector l\u00e1cteo argentino. Consultado sobre el tema, el titular del Centro de Industriales L\u00e1cteos (CIL), el santafesino Miguel Paul\u00f3n, consider\u00f3 que \u201chay una naturalidad en los negocios entre Argentina y Brasil, que no es tan f\u00e1cil de desarticular solamente con la pol\u00edtica. No veo que sea eso tampoco tan f\u00e1cil de desarticular solamente con la pol\u00edtica\u201d, resalt\u00f3.<\/p>\n<p>Para Paul\u00f3n, \u201cel Mercosur gener\u00f3 un flujo de mercader\u00edas sin aranceles entre los pa\u00edses y eso ha favorecido, ahora como hay una intencionalidad de hacer acuerdos con otros pa\u00edses como la UE y Canad\u00e1, nosotros vemos amenazas muy serias para el sector l\u00e1cteo en el sentido que se produzca una apertura indiscriminada hacia los productos\u201d, indic\u00f3 en declaraciones radiales.<\/p>\n<p><span class=\"color-blue\">Por\u00a0<\/span><b>Jos\u00e9 E. Bord\u00f3n<\/b> <span class=\"color-blue\">Fuente\u00a0<\/span><b><a href=\"https:\/\/www.ellitoral.com\/index.php\/id_um\/182503-decisiva-asamblea-de-sancor-este-miercoles-en-sunchales-economia.html\" target=\"_blank\" rel=\"noopener noreferrer\">El Litoral<\/a><\/b><\/p>\n","protected":false},"excerpt":{"rendered":"<p>Decisiva asamblea de SanCor Tratar\u00e1 memoria y balance y la venta de dos plantas a Adecoagro, por U$ S 45 millones<\/p>\n","protected":false},"author":5,"featured_media":0,"comment_status":"open","ping_status":"open","sticky":false,"template":"","format":"standard","meta":[],"categories":[42],"tags":[598],"_links":{"self":[{"href":"http:\/\/rurallascolonias.com.ar\/index.php?rest_route=\/wp\/v2\/posts\/17017"}],"collection":[{"href":"http:\/\/rurallascolonias.com.ar\/index.php?rest_route=\/wp\/v2\/posts"}],"about":[{"href":"http:\/\/rurallascolonias.com.ar\/index.php?rest_route=\/wp\/v2\/types\/post"}],"author":[{"embeddable":true,"href":"http:\/\/rurallascolonias.com.ar\/index.php?rest_route=\/wp\/v2\/users\/5"}],"replies":[{"embeddable":true,"href":"http:\/\/rurallascolonias.com.ar\/index.php?rest_route=%2Fwp%2Fv2%2Fcomments&post=17017"}],"version-history":[{"count":1,"href":"http:\/\/rurallascolonias.com.ar\/index.php?rest_route=\/wp\/v2\/posts\/17017\/revisions"}],"predecessor-version":[{"id":17018,"href":"http:\/\/rurallascolonias.com.ar\/index.php?rest_route=\/wp\/v2\/posts\/17017\/revisions\/17018"}],"wp:attachment":[{"href":"http:\/\/rurallascolonias.com.ar\/index.php?rest_route=%2Fwp%2Fv2%2Fmedia&parent=17017"}],"wp:term":[{"taxonomy":"category","embeddable":true,"href":"http:\/\/rurallascolonias.com.ar\/index.php?rest_route=%2Fwp%2Fv2%2Fcategories&post=17017"},{"taxonomy":"post_tag","embeddable":true,"href":"http:\/\/rurallascolonias.com.ar\/index.php?rest_route=%2Fwp%2Fv2%2Ftags&post=17017"}],"curies":[{"name":"wp","href":"https:\/\/api.w.org\/{rel}","templated":true}]}}