{"id":16995,"date":"2018-10-24T16:12:23","date_gmt":"2018-10-24T16:12:23","guid":{"rendered":"http:\/\/rurallascolonias.com.ar\/?p=16995"},"modified":"2018-10-24T16:12:23","modified_gmt":"2018-10-24T16:12:23","slug":"los-peores-anos-de-la-lecheria","status":"publish","type":"post","link":"http:\/\/rurallascolonias.com.ar\/?p=16995","title":{"rendered":"\u201cLOS PEORES A\u00d1OS DE LA LECHER\u00cdA\u201d"},"content":{"rendered":"<p><em><strong><a href=\"http:\/\/rurallascolonias.com.ar\/?attachment_id=9556\" rel=\"attachment wp-att-9556\"><img loading=\"lazy\" class=\"aligncenter size-full wp-image-9556\" src=\"http:\/\/rurallascolonias.com.ar\/wp-content\/uploads\/2016\/01\/lecher\u00eda-3.jpg\" alt=\"\" width=\"225\" height=\"225\" srcset=\"http:\/\/rurallascolonias.com.ar\/wp-content\/uploads\/2016\/01\/lecher\u00eda-3.jpg 225w, http:\/\/rurallascolonias.com.ar\/wp-content\/uploads\/2016\/01\/lecher\u00eda-3-150x150.jpg 150w\" sizes=\"(max-width: 225px) 100vw, 225px\" \/><\/a>En una mirada general, Roberto Tion destac\u00f3 que \u201cla lecher\u00eda est\u00e1 sufriendo uno de los peores a\u00f1os de su historia\u2026<\/strong><\/em><!--more--><\/p>\n<p>En una mirada general, Roberto Tion destac\u00f3 que \u201cla lecher\u00eda est\u00e1 sufriendo uno de los peores a\u00f1os de su historia y si lo hacemos muy corto plazo hacia atr\u00e1s, venimos tambi\u00e9n con dos a\u00f1os con inundaciones, con sequ\u00eda y ahora esta devaluaci\u00f3n que sufri\u00f3 el pa\u00eds en estos tres o cuatro meses obviamente que lo retrasa al sector lechero much\u00edsimo.<br \/>\nLos costos m\u00e1s importante que tiene hoy el sector lechero est\u00e1 en d\u00f3lares y los precios no traccionan en la devaluaci\u00f3n y tampoco en la exportaci\u00f3n sobre los precios que cobra el tambero.<\/p>\n<p>Si bien ha aumentado este \u00faltimo tiempo casi a la par de la inflaci\u00f3n, todav\u00eda hoy estamos un poco lejos de cubrir los costos de producci\u00f3n, cuando el alimento a base de una lecher\u00eda tan intensiva, sobretodo el tema de grano y de soja, hoy cotizan en d\u00f3lares y hacen que los costos sean muy altos y no se logra un equilibrio que le permita una rentabilidad para invertir en lo que es estructura en los tambos y que tambi\u00e9n hoy est\u00e1n peligrando cualquier tipo de siembra de reserva o de granos como para la pr\u00f3xima campa\u00f1a. Todav\u00eda el sector lechero est\u00e1 trabajando con rentabilidad casi cero, y en algunos casos perdiendo dinero\u201d, remarc\u00f3.<\/p>\n<p>A mediados de noviembre se llevar\u00e1 a cabo el pr\u00f3ximo encuentro, con el desarrollo de algunas tareas que se han comprometido las partes, donde se comentar\u00e1n los avances logrados.<\/p>\n","protected":false},"excerpt":{"rendered":"<p>En una mirada general, Roberto Tion destac\u00f3 que \u201cla lecher\u00eda est\u00e1 sufriendo uno de los peores a\u00f1os de su historia\u2026<\/p>\n","protected":false},"author":5,"featured_media":0,"comment_status":"open","ping_status":"open","sticky":false,"template":"","format":"standard","meta":[],"categories":[46],"tags":[12,4157],"_links":{"self":[{"href":"http:\/\/rurallascolonias.com.ar\/index.php?rest_route=\/wp\/v2\/posts\/16995"}],"collection":[{"href":"http:\/\/rurallascolonias.com.ar\/index.php?rest_route=\/wp\/v2\/posts"}],"about":[{"href":"http:\/\/rurallascolonias.com.ar\/index.php?rest_route=\/wp\/v2\/types\/post"}],"author":[{"embeddable":true,"href":"http:\/\/rurallascolonias.com.ar\/index.php?rest_route=\/wp\/v2\/users\/5"}],"replies":[{"embeddable":true,"href":"http:\/\/rurallascolonias.com.ar\/index.php?rest_route=%2Fwp%2Fv2%2Fcomments&post=16995"}],"version-history":[{"count":1,"href":"http:\/\/rurallascolonias.com.ar\/index.php?rest_route=\/wp\/v2\/posts\/16995\/revisions"}],"predecessor-version":[{"id":16996,"href":"http:\/\/rurallascolonias.com.ar\/index.php?rest_route=\/wp\/v2\/posts\/16995\/revisions\/16996"}],"wp:attachment":[{"href":"http:\/\/rurallascolonias.com.ar\/index.php?rest_route=%2Fwp%2Fv2%2Fmedia&parent=16995"}],"wp:term":[{"taxonomy":"category","embeddable":true,"href":"http:\/\/rurallascolonias.com.ar\/index.php?rest_route=%2Fwp%2Fv2%2Fcategories&post=16995"},{"taxonomy":"post_tag","embeddable":true,"href":"http:\/\/rurallascolonias.com.ar\/index.php?rest_route=%2Fwp%2Fv2%2Ftags&post=16995"}],"curies":[{"name":"wp","href":"https:\/\/api.w.org\/{rel}","templated":true}]}}