{"id":16971,"date":"2018-10-17T16:12:37","date_gmt":"2018-10-17T16:12:37","guid":{"rendered":"http:\/\/rurallascolonias.com.ar\/?p=16971"},"modified":"2018-10-17T16:12:37","modified_gmt":"2018-10-17T16:12:37","slug":"menos-tambos-y-mas-vacas-es-tendencia-mundial-pero-que-pasa-en-argentina","status":"publish","type":"post","link":"http:\/\/rurallascolonias.com.ar\/?p=16971","title":{"rendered":"MENOS TAMBOS Y M\u00c1S VACAS ES TENDENCIA MUNDIAL, PERO \u00bfQU\u00c9 PASA EN ARGENTINA?"},"content":{"rendered":"<p><em><strong><a href=\"http:\/\/rurallascolonias.com.ar\/?attachment_id=11457\" rel=\"attachment wp-att-11457\"><img loading=\"lazy\" class=\"aligncenter size-full wp-image-11457\" src=\"http:\/\/rurallascolonias.com.ar\/wp-content\/uploads\/2016\/07\/tambo-2.jpg\" alt=\"\" width=\"306\" height=\"165\" srcset=\"http:\/\/rurallascolonias.com.ar\/wp-content\/uploads\/2016\/07\/tambo-2.jpg 306w, http:\/\/rurallascolonias.com.ar\/wp-content\/uploads\/2016\/07\/tambo-2-300x162.jpg 300w\" sizes=\"(max-width: 306px) 100vw, 306px\" \/><\/a>El OCLA public\u00f3 el \u00faltimo informe de IDF donde se relevan el n\u00famero de unidades productivas y de vacas lecheras en el mundo, nuestro pa\u00eds muestra ca\u00edda en ambos rubros<\/strong><\/em><!--more--><\/p>\n<p>enimos discutiendo hace ya meses sobre el cierre de tambos, tambi\u00e9n sobre la cantidad de animales destinados a la producci\u00f3n l\u00e1ctea en nuestro pa\u00eds, hablamos todo el tiempo de lo que le pasa a otros pa\u00edses vecinos, contra los que hoy estamos con menos precio, pero \u00bfqu\u00e9 dicen los n\u00fameros?<\/p>\n<p>El OCLA public\u00f3 en el d\u00eda de ayer datos del Bulletin N\u00b0 494\/2018 The World Dairy Situation 2018 of the International Dairy Federation IDF\/FIL, donde se presenta una comparaci\u00f3n de la evoluci\u00f3n del n\u00famero de granjas lecheras en pa\u00edses y bloques seleccionados (tambos) y en el n\u00famero de vacas lecheras.<\/p>\n<p>Seg\u00fan este informe la ca\u00edda de tambos en el per\u00edodo 15\/17 fue para nuestro pa\u00eds de un 1,5%, menor tasa de cierre que Uruguay, Brasil o Chile, solo para hablar de nuestros vecinos, y quedando bastante por debajo de la mayor\u00eda de los pa\u00edses o bloque productores:<\/p>\n<p><a href=\"http:\/\/rurallascolonias.com.ar\/?attachment_id=16972\" rel=\"attachment wp-att-16972\"><img loading=\"lazy\" class=\"aligncenter size-full wp-image-16972\" src=\"http:\/\/rurallascolonias.com.ar\/wp-content\/uploads\/2018\/10\/Menos-tambos-y1.png\" alt=\"\" width=\"768\" height=\"447\" srcset=\"http:\/\/rurallascolonias.com.ar\/wp-content\/uploads\/2018\/10\/Menos-tambos-y1.png 768w, http:\/\/rurallascolonias.com.ar\/wp-content\/uploads\/2018\/10\/Menos-tambos-y1-300x175.png 300w, http:\/\/rurallascolonias.com.ar\/wp-content\/uploads\/2018\/10\/Menos-tambos-y1-600x349.png 600w, http:\/\/rurallascolonias.com.ar\/wp-content\/uploads\/2018\/10\/Menos-tambos-y1-624x363.png 624w\" sizes=\"(max-width: 768px) 100vw, 768px\" \/><\/a><\/p>\n<p>La tasa de cierre de tambos no ha sido tan elevada seg\u00fan este informe, pero en canto al rodeo lechero los n\u00fameros son peores.<\/p>\n<p>La tendencia mundial es a la concentraci\u00f3n de unidades productivas, pero aumento de animales, pero nuestro pa\u00eds ingres\u00f3 en el grupo que ha mostrado n\u00fameros rojos en ambos rubros.<\/p>\n<p>En el per\u00edodo analizado se perdi\u00f3 el 0,8% de las vacas, n\u00fameros peores que los de Uruguay (que increment\u00f3), Brasil, y s\u00f3lo mejores que Chile en la regi\u00f3n.<\/p>\n<p><a href=\"http:\/\/rurallascolonias.com.ar\/?attachment_id=16973\" rel=\"attachment wp-att-16973\"><img loading=\"lazy\" class=\"aligncenter size-full wp-image-16973\" src=\"http:\/\/rurallascolonias.com.ar\/wp-content\/uploads\/2018\/10\/Menos-tambos-y2.png\" alt=\"\" width=\"768\" height=\"447\" srcset=\"http:\/\/rurallascolonias.com.ar\/wp-content\/uploads\/2018\/10\/Menos-tambos-y2.png 768w, http:\/\/rurallascolonias.com.ar\/wp-content\/uploads\/2018\/10\/Menos-tambos-y2-300x175.png 300w, http:\/\/rurallascolonias.com.ar\/wp-content\/uploads\/2018\/10\/Menos-tambos-y2-600x349.png 600w, http:\/\/rurallascolonias.com.ar\/wp-content\/uploads\/2018\/10\/Menos-tambos-y2-624x363.png 624w\" sizes=\"(max-width: 768px) 100vw, 768px\" \/><\/a><\/p>\n<p>&nbsp;<\/p>\n","protected":false},"excerpt":{"rendered":"<p>El OCLA public\u00f3 el \u00faltimo informe de IDF donde se relevan el n\u00famero de unidades productivas y de vacas lecheras en el mundo, nuestro pa\u00eds muestra ca\u00edda en ambos rubros<\/p>\n","protected":false},"author":5,"featured_media":0,"comment_status":"open","ping_status":"open","sticky":false,"template":"","format":"standard","meta":[],"categories":[42],"tags":[406,315],"_links":{"self":[{"href":"http:\/\/rurallascolonias.com.ar\/index.php?rest_route=\/wp\/v2\/posts\/16971"}],"collection":[{"href":"http:\/\/rurallascolonias.com.ar\/index.php?rest_route=\/wp\/v2\/posts"}],"about":[{"href":"http:\/\/rurallascolonias.com.ar\/index.php?rest_route=\/wp\/v2\/types\/post"}],"author":[{"embeddable":true,"href":"http:\/\/rurallascolonias.com.ar\/index.php?rest_route=\/wp\/v2\/users\/5"}],"replies":[{"embeddable":true,"href":"http:\/\/rurallascolonias.com.ar\/index.php?rest_route=%2Fwp%2Fv2%2Fcomments&post=16971"}],"version-history":[{"count":1,"href":"http:\/\/rurallascolonias.com.ar\/index.php?rest_route=\/wp\/v2\/posts\/16971\/revisions"}],"predecessor-version":[{"id":16974,"href":"http:\/\/rurallascolonias.com.ar\/index.php?rest_route=\/wp\/v2\/posts\/16971\/revisions\/16974"}],"wp:attachment":[{"href":"http:\/\/rurallascolonias.com.ar\/index.php?rest_route=%2Fwp%2Fv2%2Fmedia&parent=16971"}],"wp:term":[{"taxonomy":"category","embeddable":true,"href":"http:\/\/rurallascolonias.com.ar\/index.php?rest_route=%2Fwp%2Fv2%2Fcategories&post=16971"},{"taxonomy":"post_tag","embeddable":true,"href":"http:\/\/rurallascolonias.com.ar\/index.php?rest_route=%2Fwp%2Fv2%2Ftags&post=16971"}],"curies":[{"name":"wp","href":"https:\/\/api.w.org\/{rel}","templated":true}]}}