{"id":16968,"date":"2018-10-15T14:31:57","date_gmt":"2018-10-15T14:31:57","guid":{"rendered":"http:\/\/rurallascolonias.com.ar\/?p=16968"},"modified":"2018-10-15T14:31:57","modified_gmt":"2018-10-15T14:31:57","slug":"dia-internacional-de-la-mujer-rural","status":"publish","type":"post","link":"http:\/\/rurallascolonias.com.ar\/?p=16968","title":{"rendered":"D\u00cdA INTERNACIONAL DE LA MUJER RURAL"},"content":{"rendered":"<p><em><strong><a href=\"http:\/\/rurallascolonias.com.ar\/?attachment_id=16969\" rel=\"attachment wp-att-16969\"><img loading=\"lazy\" class=\"aligncenter size-full wp-image-16969\" src=\"http:\/\/rurallascolonias.com.ar\/wp-content\/uploads\/2018\/10\/d\u00eda-internacional-de-la-mujer-rural.jpg\" alt=\"\" width=\"600\" height=\"390\" srcset=\"http:\/\/rurallascolonias.com.ar\/wp-content\/uploads\/2018\/10\/d\u00eda-internacional-de-la-mujer-rural.jpg 600w, http:\/\/rurallascolonias.com.ar\/wp-content\/uploads\/2018\/10\/d\u00eda-internacional-de-la-mujer-rural-300x195.jpg 300w\" sizes=\"(max-width: 600px) 100vw, 600px\" \/><\/a>La idea de celebrar un D\u00eda de la Mujer Rural surgi\u00f3 durante la Cuarta Conferencia Mundial sobre la Mujer, organizada por la ONU y celebrada en Pek\u00edn en 1995, y all\u00ed qued\u00f3 establecido como fecha conmemorativa el 15 de octubre<\/strong><\/em><!--more--><\/p>\n<p>En la celebraci\u00f3n de este a\u00f1o, el Secretario General. de Naciones Unidas , Ban Ki-moon, enunciaba : \u201cEl empoderamiento de las mujeres rurales es crucial para poner fin al hambre y la pobreza. Al negar derechos y oportunidades a las mujeres, negamos a sus hijos y a las sociedades un futuro mejor. Esta es la raz\u00f3n por la cual las Naciones Unidas pusieron recientemente en marcha un programa para empoderar a las mujeres rurales y mejorar la seguridad alimentaria.\u201d<\/p>\n","protected":false},"excerpt":{"rendered":"<p>La idea de celebrar un D\u00eda de la Mujer Rural surgi\u00f3 durante la Cuarta Conferencia Mundial sobre la Mujer, organizada por la ONU y celebrada en Pek\u00edn en 1995, y all\u00ed qued\u00f3 establecido como fecha conmemorativa el 15 de octubre<\/p>\n","protected":false},"author":5,"featured_media":0,"comment_status":"open","ping_status":"open","sticky":false,"template":"","format":"standard","meta":[],"categories":[14],"tags":[4152],"_links":{"self":[{"href":"http:\/\/rurallascolonias.com.ar\/index.php?rest_route=\/wp\/v2\/posts\/16968"}],"collection":[{"href":"http:\/\/rurallascolonias.com.ar\/index.php?rest_route=\/wp\/v2\/posts"}],"about":[{"href":"http:\/\/rurallascolonias.com.ar\/index.php?rest_route=\/wp\/v2\/types\/post"}],"author":[{"embeddable":true,"href":"http:\/\/rurallascolonias.com.ar\/index.php?rest_route=\/wp\/v2\/users\/5"}],"replies":[{"embeddable":true,"href":"http:\/\/rurallascolonias.com.ar\/index.php?rest_route=%2Fwp%2Fv2%2Fcomments&post=16968"}],"version-history":[{"count":1,"href":"http:\/\/rurallascolonias.com.ar\/index.php?rest_route=\/wp\/v2\/posts\/16968\/revisions"}],"predecessor-version":[{"id":16970,"href":"http:\/\/rurallascolonias.com.ar\/index.php?rest_route=\/wp\/v2\/posts\/16968\/revisions\/16970"}],"wp:attachment":[{"href":"http:\/\/rurallascolonias.com.ar\/index.php?rest_route=%2Fwp%2Fv2%2Fmedia&parent=16968"}],"wp:term":[{"taxonomy":"category","embeddable":true,"href":"http:\/\/rurallascolonias.com.ar\/index.php?rest_route=%2Fwp%2Fv2%2Fcategories&post=16968"},{"taxonomy":"post_tag","embeddable":true,"href":"http:\/\/rurallascolonias.com.ar\/index.php?rest_route=%2Fwp%2Fv2%2Ftags&post=16968"}],"curies":[{"name":"wp","href":"https:\/\/api.w.org\/{rel}","templated":true}]}}