{"id":16895,"date":"2018-09-14T16:14:10","date_gmt":"2018-09-14T16:14:10","guid":{"rendered":"http:\/\/rurallascolonias.com.ar\/?p=16895"},"modified":"2018-09-14T16:14:10","modified_gmt":"2018-09-14T16:14:10","slug":"abigeato-se-conformo-la-mesa-del-delito-rural","status":"publish","type":"post","link":"http:\/\/rurallascolonias.com.ar\/?p=16895","title":{"rendered":"ABIGEATO: SE CONFORM\u00d3 LA \u00abMESA DEL DELITO RURAL\u00bb"},"content":{"rendered":"<p><strong><em><a href=\"http:\/\/rurallascolonias.com.ar\/?attachment_id=16896\" rel=\"attachment wp-att-16896\"><img loading=\"lazy\" class=\"aligncenter size-full wp-image-16896\" src=\"http:\/\/rurallascolonias.com.ar\/wp-content\/uploads\/2018\/09\/carsfe-seguridad.jpg\" alt=\"\" width=\"960\" height=\"640\" srcset=\"http:\/\/rurallascolonias.com.ar\/wp-content\/uploads\/2018\/09\/carsfe-seguridad.jpg 960w, http:\/\/rurallascolonias.com.ar\/wp-content\/uploads\/2018\/09\/carsfe-seguridad-300x200.jpg 300w, http:\/\/rurallascolonias.com.ar\/wp-content\/uploads\/2018\/09\/carsfe-seguridad-768x512.jpg 768w, http:\/\/rurallascolonias.com.ar\/wp-content\/uploads\/2018\/09\/carsfe-seguridad-600x400.jpg 600w, http:\/\/rurallascolonias.com.ar\/wp-content\/uploads\/2018\/09\/carsfe-seguridad-624x416.jpg 624w\" sizes=\"(max-width: 960px) 100vw, 960px\" \/><\/a>En el d\u00eda de la fecha, CARSFE, a trav\u00e9s de su presidente Carlos Castagnani, celebr\u00f3 un convenio con el Ministerio de Seguridad y el Ministerio de la Producci\u00f3n, por el cual se dispone la creaci\u00f3n de esta instancia para coordinar acciones conjuntas, como la conformaci\u00f3n de un mapa de il\u00edcitos en el agro<\/em><\/strong><!--more--><\/p>\n<p>Tambi\u00e9n se comprometen a desarrollar capacitaciones, monitoreos y evaluaci\u00f3n de las acciones desarrolladas.<\/p>\n<p>El Ministro de Seguridad Maximiliano Pullaro y la Sra. Ministro de la Producci\u00f3n Alicia Ciciliani firmaron el convenio para constituir la Mesa de Trabajo para el Abordaje Integral del Delito Rural<\/p>\n<p>Carsfe<\/p>\n","protected":false},"excerpt":{"rendered":"<p>En el d\u00eda de la fecha, CARSFE, a trav\u00e9s de su presidente Carlos Castagnani, celebr\u00f3 un convenio con el Ministerio de Seguridad y el Ministerio de la Producci\u00f3n, por el cual se dispone la creaci\u00f3n de esta instancia para coordinar acciones conjuntas, como la conformaci\u00f3n de un mapa de il\u00edcitos en el agro<\/p>\n","protected":false},"author":5,"featured_media":0,"comment_status":"open","ping_status":"open","sticky":false,"template":"","format":"standard","meta":[],"categories":[42,1393],"tags":[3431,120,2018],"_links":{"self":[{"href":"http:\/\/rurallascolonias.com.ar\/index.php?rest_route=\/wp\/v2\/posts\/16895"}],"collection":[{"href":"http:\/\/rurallascolonias.com.ar\/index.php?rest_route=\/wp\/v2\/posts"}],"about":[{"href":"http:\/\/rurallascolonias.com.ar\/index.php?rest_route=\/wp\/v2\/types\/post"}],"author":[{"embeddable":true,"href":"http:\/\/rurallascolonias.com.ar\/index.php?rest_route=\/wp\/v2\/users\/5"}],"replies":[{"embeddable":true,"href":"http:\/\/rurallascolonias.com.ar\/index.php?rest_route=%2Fwp%2Fv2%2Fcomments&post=16895"}],"version-history":[{"count":1,"href":"http:\/\/rurallascolonias.com.ar\/index.php?rest_route=\/wp\/v2\/posts\/16895\/revisions"}],"predecessor-version":[{"id":16897,"href":"http:\/\/rurallascolonias.com.ar\/index.php?rest_route=\/wp\/v2\/posts\/16895\/revisions\/16897"}],"wp:attachment":[{"href":"http:\/\/rurallascolonias.com.ar\/index.php?rest_route=%2Fwp%2Fv2%2Fmedia&parent=16895"}],"wp:term":[{"taxonomy":"category","embeddable":true,"href":"http:\/\/rurallascolonias.com.ar\/index.php?rest_route=%2Fwp%2Fv2%2Fcategories&post=16895"},{"taxonomy":"post_tag","embeddable":true,"href":"http:\/\/rurallascolonias.com.ar\/index.php?rest_route=%2Fwp%2Fv2%2Ftags&post=16895"}],"curies":[{"name":"wp","href":"https:\/\/api.w.org\/{rel}","templated":true}]}}