{"id":1681,"date":"2014-03-12T14:12:08","date_gmt":"2014-03-12T14:12:08","guid":{"rendered":"http:\/\/rurallascolonias.com.ar\/?p=1681"},"modified":"2014-03-12T14:22:30","modified_gmt":"2014-03-12T14:22:30","slug":"cayo-la-faena-argentina-en-febrero","status":"publish","type":"post","link":"http:\/\/rurallascolonias.com.ar\/?p=1681","title":{"rendered":"CAY\u00d3 LA FAENA ARGENTINA EN FEBRERO"},"content":{"rendered":"<p><a href=\"http:\/\/rurallascolonias.com.ar\/wp-content\/uploads\/2014\/03\/faena-argentina.jpg\"><img loading=\"lazy\" class=\"aligncenter size-full wp-image-1683\" alt=\"faena argentina\" src=\"http:\/\/rurallascolonias.com.ar\/wp-content\/uploads\/2014\/03\/faena-argentina.jpg\" width=\"337\" height=\"149\" srcset=\"http:\/\/rurallascolonias.com.ar\/wp-content\/uploads\/2014\/03\/faena-argentina.jpg 337w, http:\/\/rurallascolonias.com.ar\/wp-content\/uploads\/2014\/03\/faena-argentina-300x132.jpg 300w\" sizes=\"(max-width: 337px) 100vw, 337px\" \/><\/a>En el segundo mes del a\u00f1o el n\u00famero de cabezas procesadas result\u00f3 3% menor que en el mismo per\u00edodo de 2013. Se aleja el horizonte de una liquidaci\u00f3n de stock<!--more--><\/p>\n<p style=\"text-align: center;\"><a href=\"http:\/\/rurallascolonias.com.ar\/wp-content\/uploads\/2014\/03\/faena.png\"><img loading=\"lazy\" class=\"aligncenter  wp-image-1682\" alt=\"faena\" src=\"http:\/\/rurallascolonias.com.ar\/wp-content\/uploads\/2014\/03\/faena.png\" width=\"326\" height=\"171\" srcset=\"http:\/\/rurallascolonias.com.ar\/wp-content\/uploads\/2014\/03\/faena.png 544w, http:\/\/rurallascolonias.com.ar\/wp-content\/uploads\/2014\/03\/faena-300x157.png 300w\" sizes=\"(max-width: 326px) 100vw, 326px\" \/><\/a><\/p>\n<p>La faena de febrero alcanz\u00f3 a 957 mil cabezas, mostrando bajas del 11% con respecto a enero y del 3% en relaci\u00f3n al mismo mes de 2013.<\/p>\n<p>De por s\u00ed, febrero es un mes considerablemente m\u00e1s corto, pero este \u00faltimo mostr\u00f3 una sensible reducci\u00f3n de la oferta tras la incertidumbre econ\u00f3mica creada a partir de la devaluaci\u00f3n del 24 de enero.<\/p>\n<p>En este sentido, era previsible que la faena resultara menor, sin embargo, esta reducci\u00f3n fue inferior a los pron\u00f3sticos.<\/p>\n<p>El porcentaje de hembras en la faena trep\u00f3 al 46,4%, guarismo que es el mayor entre los altos porcentajes de los \u00faltimos 5 meses, aunque se trata de un aumento marginal.<\/p>\n<p>En contraposici\u00f3n a este indicador, al comparar el total de la faena de los doce meses comprendidos entre marzo de 2013 y febrero de 2014 con igual per\u00edodo de un a\u00f1o atr\u00e1s, que result\u00f3 9% mayor, y la del trimestre dic\u201913-feb\u201914 versus la del trimestre dic\u201912-feb\u201913, que muestra un incremento del 1%, se aprecia que el aumento sostenido de la faena va perdiendo ritmo.<\/p>\n<p>Lo mismo sucede en la comparaci\u00f3n de doce meses y de un trimestre para machos y hembras: +4% en la comparaci\u00f3n anual; y -5% en la trimestral para los machos y +16% y +9%, en el mismo orden, para las hembras.<\/p>\n<p>Esta desaceleraci\u00f3n permite alejar el horizonte de una liquidaci\u00f3n en ciernes que, de todas maneras, habr\u00e1 que seguir monitoreando muy de cerca, tal como venimos sosteniendo desde\u00a0<i>Valor Carne<\/i>.<\/p>\n<p>La creciente volatilidad de los precios nominales de la hacienda y la falta de certezas en cuanto al rumbo futuro de la econom\u00eda podr\u00edan volcar un diagn\u00f3stico, hacia un lado o hacia otro, con gran velocidad.<\/p>\n<p>Fuente: Valor carne<\/p>\n","protected":false},"excerpt":{"rendered":"<p>En el segundo mes del a\u00f1o el n\u00famero de cabezas procesadas result\u00f3 3% menor que en el mismo per\u00edodo de 2013. Se aleja el horizonte de una liquidaci\u00f3n de stock<\/p>\n","protected":false},"author":5,"featured_media":0,"comment_status":"closed","ping_status":"closed","sticky":false,"template":"","format":"standard","meta":[],"categories":[50],"tags":[10,420],"_links":{"self":[{"href":"http:\/\/rurallascolonias.com.ar\/index.php?rest_route=\/wp\/v2\/posts\/1681"}],"collection":[{"href":"http:\/\/rurallascolonias.com.ar\/index.php?rest_route=\/wp\/v2\/posts"}],"about":[{"href":"http:\/\/rurallascolonias.com.ar\/index.php?rest_route=\/wp\/v2\/types\/post"}],"author":[{"embeddable":true,"href":"http:\/\/rurallascolonias.com.ar\/index.php?rest_route=\/wp\/v2\/users\/5"}],"replies":[{"embeddable":true,"href":"http:\/\/rurallascolonias.com.ar\/index.php?rest_route=%2Fwp%2Fv2%2Fcomments&post=1681"}],"version-history":[{"count":2,"href":"http:\/\/rurallascolonias.com.ar\/index.php?rest_route=\/wp\/v2\/posts\/1681\/revisions"}],"predecessor-version":[{"id":1688,"href":"http:\/\/rurallascolonias.com.ar\/index.php?rest_route=\/wp\/v2\/posts\/1681\/revisions\/1688"}],"wp:attachment":[{"href":"http:\/\/rurallascolonias.com.ar\/index.php?rest_route=%2Fwp%2Fv2%2Fmedia&parent=1681"}],"wp:term":[{"taxonomy":"category","embeddable":true,"href":"http:\/\/rurallascolonias.com.ar\/index.php?rest_route=%2Fwp%2Fv2%2Fcategories&post=1681"},{"taxonomy":"post_tag","embeddable":true,"href":"http:\/\/rurallascolonias.com.ar\/index.php?rest_route=%2Fwp%2Fv2%2Ftags&post=1681"}],"curies":[{"name":"wp","href":"https:\/\/api.w.org\/{rel}","templated":true}]}}