{"id":16787,"date":"2018-08-21T15:59:49","date_gmt":"2018-08-21T15:59:49","guid":{"rendered":"http:\/\/rurallascolonias.com.ar\/?p=16787"},"modified":"2018-08-21T15:59:49","modified_gmt":"2018-08-21T15:59:49","slug":"macri-se-puso-medio-pais-en-contra-con-la-eliminacion-del-fondo-sojero","status":"publish","type":"post","link":"http:\/\/rurallascolonias.com.ar\/?p=16787","title":{"rendered":"Macri se puso medio pa\u00eds en contra con la eliminaci\u00f3n del Fondo Sojero"},"content":{"rendered":"<p><strong><em><a href=\"http:\/\/rurallascolonias.com.ar\/?attachment_id=15717\" rel=\"attachment wp-att-15717\"><img loading=\"lazy\" class=\"aligncenter size-full wp-image-15717\" src=\"http:\/\/rurallascolonias.com.ar\/wp-content\/uploads\/2017\/11\/macri-2.jpg\" alt=\"\" width=\"300\" height=\"300\" srcset=\"http:\/\/rurallascolonias.com.ar\/wp-content\/uploads\/2017\/11\/macri-2.jpg 300w, http:\/\/rurallascolonias.com.ar\/wp-content\/uploads\/2017\/11\/macri-2-150x150.jpg 150w\" sizes=\"(max-width: 300px) 100vw, 300px\" \/><\/a>Medio pa\u00eds alz\u00f3 la voz y promete accionar en la justicia para frenar la decisi\u00f3n del gobierno de Mauricio Macri de eliminar el Fondo Federal Solidario, m\u00e1s conocido como \u201cfondo sojero\u201d porque desde el conflicto de 2008 era la manera de transferir a las provincias y municipios el 30% de la recaudaci\u00f3n obtenida a nivel nacional por las retenciones a la soja y sus subproductos<\/em><\/strong><!--more--><\/p>\n<p>Un decreto de necesidad y urgencia (DNU) firmado por Macri concret\u00f3 esta medida la semana pasada. Pese a que en ese momento el Palacio de Hacienda justific\u00f3 la medida argumentando que \u201clas Provincias han pasado a recibir en la actualidad un tercio de los recursos nacionales y continuar\u00e1n aumentando su participaci\u00f3n en los pr\u00f3ximos a\u00f1os, lo cual torna innecesaria la continuidad de este mecanismo de compensaci\u00f3n\u201d, en muchas de ellas hubo reacciones frente a la eliminaci\u00f3n de ese fondo, ya que implicar\u00eda que la Naci\u00f3n se quedar\u00e1 en 2019 con 26.500 millones de pesos que de otro modo deber\u00eda haber sido recibido por gobernadores e intendentes.<\/p>\n<p>Frente a estas reacciones, que en muchos casos llegaron a la justicia, en las \u00faltimas horas el Gobierno nacional y los gobernadores comenzaron a explorar un principio de acuerdo para \u201ccompensar\u201d esa p\u00e9rdida a trav\u00e9s del aumento de un punto porcentual en el cr\u00e9dito del 6% del Fondo de Garant\u00eda de Sustentabilidad (FGS) de Anses. Pero la suma en juego ser\u00eda menor, pues seg\u00fan informa\u00a0<strong>Ambito Financiero<\/strong>, alcanzar\u00eda unos 9 mil millones de pesos que ir\u00edan destinados a obras de infraestructura en los municipios.<\/p>\n<div class=\"jeg_ad jeg_ad_article jnews_content_inline_2_ads  \"><\/div>\n<div class=\"jeg_ad jeg_ad_article jnews_content_inline_3_ads  \"><\/div>\n<p>Adem\u00e1s la cuesti\u00f3n tiene un trasfondo pol\u00edtico. Por eso, con la intenci\u00f3n de analizar y coordinar acciones judiciales y legislativas tendientes a detener la eliminaci\u00f3n del Fondo Sojero, unos 2.500 intendentes de todo el pa\u00eds nucleados en la Federaci\u00f3n Argentina de Municipios (FAM), ya tienen prevista una reuni\u00f3n este mi\u00e9rcoles en la ciudad de Buenos Aires. Esa federaci\u00f3n siempre agrup\u00f3 o a intendentes de signo peronista.<\/p>\n<p>Seg\u00fan los c\u00e1lculos de los intendentes all\u00ed reunidos, la p\u00e9rdida real de recaudaci\u00f3n para el a\u00f1o pr\u00f3ximo ascender\u00eda a unos 41 mil millones de pesos.<\/p>\n<p>En la sede del Consejo Federal de Inversiones (CFI), en las \u00faltimas horas un grupo de mandatarios justicialistas se reuni\u00f3 tambi\u00e9n con intenci\u00f3n de forzar al gobierno de Macri a dar marcha atr\u00e1s con el DNU. El encuentro fue convocado por el gobernador de Tucum\u00e1n, Juan Manzur, que ya adelant\u00f3\u00a0 que llevar\u00e1 una demanda ante la Corte Suprema para pedir la nulidad de la disposici\u00f3n.\u00a0Participaron adem\u00e1s Carlos Verna, de La Pampa; Rosana Bertone, de Tierra de Fuego; Gildo Isfr\u00e1n, de Formosa; y los vicegobernadores de cinco distritos. Adem\u00e1s, se sum\u00f3 la presencia de los l\u00edderes de la Confederaci\u00f3n General del Trabajo (CGT).<\/p>\n<p>Adem\u00e1s de la reuni\u00f3n de los intendentes, este mi\u00e9rcoles tambi\u00e9n se reunir\u00e1n en el Congreso, las comisiones de Asuntos Municipales, que preside el randazzista Eduardo \u201cBali\u201d Bucca, ex intendente de Bol\u00edvar; y la de Obras P\u00fablicas, a cargo de Juan Jos\u00e9 Bahillo, integrante del bloque Justicialista y ex intendente de Gualeguaych\u00fa. La idea ser\u00e1 \u201ctratar los efectos de la eliminaci\u00f3n del Fondo Federal Solidario\u201d.<\/p>\n<p>En todos los casos se habla de acudir a la justicia.\u00a0El primer paso en ese sentido lo dio el viernes pasado Juan Carlos Gioja, intendente de la localidad sanjuanina de Rawson y hermano del titular del PJ Nacional, Jos\u00e9 Luis Gioja, quien interpuso un recurso para frenar la aplicaci\u00f3n del decreto 756\/18. Su localidad dejar\u00e1 de percibir 25 millones de pesos anuales, seg\u00fan argument\u00f3.<\/p>\n<p>Pero bien lejos del peronismo, el gobernador socialista de Santa Fe, Miguel Lifschitz, convoc\u00f3 tambi\u00e9n para este mi\u00e9rcoles a los intendentes y presidentes comunales de toda la provincia a participar de un encuentro para analizar la situaci\u00f3n, ya que recorta fondos coparticipables.<\/p>\n<p>En\u00a0Salta, mientras tanto, el ministro de Econom\u00eda, Emiliano Estrada, asegur\u00f3 que har\u00e1n el mayor esfuerzo posible para que la eliminaci\u00f3n del Fondo de la Soja tenga el menor impacto posible. Pero aclar\u00f3 que habrpa obras p\u00fablicas afectadas por el recorte de fondos. \u201cSi Naci\u00f3n no es capaz de financiarlo, desde ya que las provincias no se van a poder hacer cargo\u201d, avis\u00f3 el funcionario de la gesti\u00f3n Urtubey, para quien la decisi\u00f3n del gobierno nacional es unilateral y vulnera las leyes de presupuesto nacional y provincial.<\/p>\n<p>En ese provincia, adem\u00e1s, el viernes se concret\u00f3 una reuni\u00f3n convocada desde el Foro de Intendentes.\u00a0Tras la realizaci\u00f3n del encuentro el diputado nacional Javier David se\u00f1al\u00f3: \u201cCreo que hay una visi\u00f3n del Gobierno Nacional muy centralista en el ajuste que quiere hacer, castigando al interior, a los que menos tienen, no compartimos esa pol\u00edtica\u201d.<\/p>\n<p>En La Rioja, el Consejo Econ\u00f3mico y Social decidi\u00f3 rechazar el Decreto de Necesidad y Urgencia de Macri, por \u201cresultar intempestivo, arbitrario y absolutamente perjudicial para las arcas provinciales y municipales de la Provincia de La Rioja, afectando derechos de todos y cada uno de los riojanos\u201d.<\/p>\n<p>El gobernador Sergio Casas, adem\u00e1s, se\u00f1al\u00f3 que la Provincia continuar\u00e1 reclamando a la Naci\u00f3n el punto de coparticipaci\u00f3n perdido en el a\u00f1o 1988, como as\u00ed tambi\u00e9n la baja de los recursos del Fondo Federal Solidario y las medidas restrictivas que afectan a m\u00e1s del 80% de la poblaci\u00f3n rural de La Rioja en relaci\u00f3n a la secretar\u00eda de Agricultura Familiar.<\/p>\n<p>Desde Santiago del Estero se oy\u00f3 la cr\u00edtica de los m\u00e1ximos dirigentes de la CGT loxcal, Jos\u00e9 G\u00f3mez y Gerardo Montenegro, que alertaron que \u201chabr\u00e1 p\u00e9rdidas de trabajos por la inminente paralizaci\u00f3n de infraestructura sanitaria, educativa, hospitalaria, de vivienda y vial, tanto en los \u00e1mbitos urbanos como rurales\u201d.<\/p>\n<p>En Misiones, mientras tanto, los intendentes firmaron una nota de reclamo, que elevaron al gobernador Hugo Passalacqua, al presidente de la Legislatura Carlos Rovira y al bloque de diputados nacionales renovadores, a fin de que desde distintos \u00e1mbitos se gestione una compensaci\u00f3n urgente.<\/p>\n<p>\u201cEste decreto echa por tierra la palabra empe\u00f1ada por el Gobierno nacional, mediante la cual la Naci\u00f3n se compromet\u00eda a mantener indemne el Fondo Solidario Federal, proveniente de las retenciones de las exportaciones de soja, a cambio de la adhesi\u00f3n de las Provincias y Municipios al Consenso Fiscal, que reduce impuestos provinciales y tasas municipales, es decir, disminuye nuestras recaudaciones\u201d, sostuvieron los alcaldes, llegados desde los cuatro puntos cardinales de Misiones.<\/p>\n<p>Y como no pod\u00eda ser de otro modo, se supo que la provincia de Santa Cruz presentar\u00e1 un amparo ante la Corte Suprema de Justicia para plantear la suspensi\u00f3n del DNU . El fiscal de Estado, Fernando Tanarro, adelant\u00f3 que la presentaci\u00f3n se realizar\u00e1 este martes ante el alto tribunal.\u00a0\u201cExisten vicios en el decreto por ser de necesidad y urgencia\u201d y \u201ctiene argumentos incomprensibles\u201d, advirti\u00f3 el funcionario de Alicia Kirchner.<\/p>\n<p>\u201cEsto no afecta a un partido pol\u00edtico, esto afecta a todos los intendentes de todos los partidos pol\u00edticos y a todos los gobernadores\u201d, enfatiz\u00f3 el Gobernador de Entre R\u00edos, Gustavo Bordet, quien explic\u00f3 que la eliminaci\u00f3n del fondo sojero \u201cfue una decisi\u00f3n unilateral, inconsulta, que nos sorprendi\u00f3 y que representa un duro golpe para los municipios y para la provincia porque todos estos fondos estaban afectados a obra p\u00fablica\u201d.<\/p>\n","protected":false},"excerpt":{"rendered":"<p>Medio pa\u00eds alz\u00f3 la voz y promete accionar en la justicia para frenar la decisi\u00f3n del gobierno de Mauricio Macri de eliminar el Fondo Federal Solidario, m\u00e1s conocido como \u201cfondo sojero\u201d porque desde el conflicto de 2008 era la manera de transferir a las provincias y municipios el 30% de la recaudaci\u00f3n obtenida a nivel [&hellip;]<\/p>\n","protected":false},"author":5,"featured_media":0,"comment_status":"open","ping_status":"open","sticky":false,"template":"","format":"standard","meta":[],"categories":[1],"tags":[],"_links":{"self":[{"href":"http:\/\/rurallascolonias.com.ar\/index.php?rest_route=\/wp\/v2\/posts\/16787"}],"collection":[{"href":"http:\/\/rurallascolonias.com.ar\/index.php?rest_route=\/wp\/v2\/posts"}],"about":[{"href":"http:\/\/rurallascolonias.com.ar\/index.php?rest_route=\/wp\/v2\/types\/post"}],"author":[{"embeddable":true,"href":"http:\/\/rurallascolonias.com.ar\/index.php?rest_route=\/wp\/v2\/users\/5"}],"replies":[{"embeddable":true,"href":"http:\/\/rurallascolonias.com.ar\/index.php?rest_route=%2Fwp%2Fv2%2Fcomments&post=16787"}],"version-history":[{"count":1,"href":"http:\/\/rurallascolonias.com.ar\/index.php?rest_route=\/wp\/v2\/posts\/16787\/revisions"}],"predecessor-version":[{"id":16788,"href":"http:\/\/rurallascolonias.com.ar\/index.php?rest_route=\/wp\/v2\/posts\/16787\/revisions\/16788"}],"wp:attachment":[{"href":"http:\/\/rurallascolonias.com.ar\/index.php?rest_route=%2Fwp%2Fv2%2Fmedia&parent=16787"}],"wp:term":[{"taxonomy":"category","embeddable":true,"href":"http:\/\/rurallascolonias.com.ar\/index.php?rest_route=%2Fwp%2Fv2%2Fcategories&post=16787"},{"taxonomy":"post_tag","embeddable":true,"href":"http:\/\/rurallascolonias.com.ar\/index.php?rest_route=%2Fwp%2Fv2%2Ftags&post=16787"}],"curies":[{"name":"wp","href":"https:\/\/api.w.org\/{rel}","templated":true}]}}