{"id":1678,"date":"2014-03-11T01:52:05","date_gmt":"2014-03-11T01:52:05","guid":{"rendered":"http:\/\/rurallascolonias.com.ar\/?p=1678"},"modified":"2014-03-11T01:52:05","modified_gmt":"2014-03-11T01:52:05","slug":"la-estabilidad-no-se-sostiene","status":"publish","type":"post","link":"http:\/\/rurallascolonias.com.ar\/?p=1678","title":{"rendered":"LA ESTABILIDAD NO SE SOSTIENE"},"content":{"rendered":"<h3><a href=\"http:\/\/rurallascolonias.com.ar\/wp-content\/uploads\/2014\/03\/cielo.jpg\"><img loading=\"lazy\" class=\"aligncenter  wp-image-1679\" alt=\"cielo\" src=\"http:\/\/rurallascolonias.com.ar\/wp-content\/uploads\/2014\/03\/cielo.jpg\" width=\"389\" height=\"201\" srcset=\"http:\/\/rurallascolonias.com.ar\/wp-content\/uploads\/2014\/03\/cielo.jpg 648w, http:\/\/rurallascolonias.com.ar\/wp-content\/uploads\/2014\/03\/cielo-300x155.jpg 300w, http:\/\/rurallascolonias.com.ar\/wp-content\/uploads\/2014\/03\/cielo-600x310.jpg 600w, http:\/\/rurallascolonias.com.ar\/wp-content\/uploads\/2014\/03\/cielo-624x322.jpg 624w\" sizes=\"(max-width: 389px) 100vw, 389px\" \/><\/a>En toda la zona n\u00facleo las reservas de humedad se mantienen como m\u00ednimo en niveles adecuados..<!--more--><\/h3>\n<p>&nbsp;<\/p>\n<p>Hoy\u00a0<b>martes<\/b>, \u00a0el viento ser\u00e1 m\u00e1s marcado y del sector norte sobre toda la regi\u00f3n central del pa\u00eds se notar\u00e1 un significativo incremento t\u00e9rmico, especialmente sobre el oeste de la regi\u00f3n pampeana y zona de Cuyo, donde se observar\u00e1 el mayor de los aumentos de temperatura. Por otra parte, las precipitaciones solo se remitir\u00e1n al sector norte del territorio nacional. Tanto las provincias del NOA como del NEA se ver\u00e1n afectadas por chaparrones y tormentas de variada intensidad, con los mayores acumulados sobre la provincia de Formosa y Salta.<\/p>\n<p>El\u00a0<b>mi\u00e9rcoles<\/b>, comenzar\u00e1 a avanzar un sistema frontal fr\u00edo desde el norte de la Patagonia, que provocar\u00e1 precipitaciones en forma de lluvias y tormentas sobre el norte de R\u00edo Negro y el sur de la provincia de Buenos Aires, con acumulados entre d\u00e9biles y moderados. Mientras que sobre el norte argentino, todav\u00eda se prev\u00e9 que se desarrollen algunas tormentas aisladas, con acumulados moderados. La circulaci\u00f3n del viento prevalecer\u00e1 del sector norte, manteniendo el ascenso de temperatura en toda la regi\u00f3n central y el incremento de la humedad en las capas bajas de la atm\u00f3sfera.<\/p>\n<p>El<b>\u00a0jueves<\/b>, el sistema frontal fr\u00edo alcanzar\u00e1 la zona central del pa\u00eds, provocando precipitaciones en forma de chaparrones y tormentas de moderada a fuerte intensidad. Los fen\u00f3menos m\u00e1s importantes se desarrollar\u00e1n sobre Buenos Aires, C\u00f3rdoba y Santa Fe, donde se prev\u00e9n los mayores acumulados. Mientras que sobre el resto de la regi\u00f3n central del pa\u00eds se prev\u00e9 que se observen precipitaciones pero en menor medida. Se espera que las lluvias y tormentas tambi\u00e9n alcancen la zona norte del pa\u00eds, aunque all\u00ed los acumulados no se prev\u00e9 que sean tan importantes, lo m\u00e1s significativo ser\u00e1n las r\u00e1fagas de viento y la ocasional ca\u00edda de granizo.<\/p>\n<p>Hacia el\u00a0<b>viernes<\/b>, las condiciones tienden a estabilizarse sobre la zona central pa\u00eds, aunque todav\u00eda podr\u00edan desarrollarse tormentas sobre la provincia de Buenos Aires, las mismas ir\u00e1n perdiendo intensidad a medida que transcurra la jornada. Se destaca que sobre el sur de la regi\u00f3n pampeana, se prev\u00e9 que ingrese una nueva masa de aire fr\u00edo, que provocar\u00e1 un importante descenso t\u00e9rmico en todo el sector central del pa\u00eds. En tanto, sobre la zona del NEA, se prev\u00e9 que las precipitaciones se intensifiquen de manera muy significativa, gener\u00e1ndose chaparrones y tormentas de moderada a fuerte intensidad, con importantes acumulados de lluvia, r\u00e1fagas de viento intenso y no se descarta la ca\u00edda de granizo.<\/p>\n<p>Durante el\u00a0<b>fin de semana<\/b>, se espera que las condiciones se mantengan estables en todo el territorio nacional. Con el ingreso del centro de alta presi\u00f3n acompa\u00f1ando la masa de aire fr\u00edo antes mencionada, se prev\u00e9 que la nubosidad sea pr\u00e1cticamente nula en todo el pa\u00eds, y s\u00f3lo sobre la zona costera de la provincia de Buenos Aires, podr\u00edan registrarse algunas precipitaciones muy aisladas y de corta duraci\u00f3n, principalmente durante el s\u00e1bado, mientras que el domingo se mantendr\u00e1 estale tambi\u00e9n sobre ese sector del pa\u00eds.<\/p>\n<p>Fuente: Agrositio<\/p>\n","protected":false},"excerpt":{"rendered":"<p>En toda la zona n\u00facleo las reservas de humedad se mantienen como m\u00ednimo en niveles adecuados..<\/p>\n","protected":false},"author":5,"featured_media":0,"comment_status":"closed","ping_status":"closed","sticky":false,"template":"","format":"standard","meta":[],"categories":[40],"tags":[91],"_links":{"self":[{"href":"http:\/\/rurallascolonias.com.ar\/index.php?rest_route=\/wp\/v2\/posts\/1678"}],"collection":[{"href":"http:\/\/rurallascolonias.com.ar\/index.php?rest_route=\/wp\/v2\/posts"}],"about":[{"href":"http:\/\/rurallascolonias.com.ar\/index.php?rest_route=\/wp\/v2\/types\/post"}],"author":[{"embeddable":true,"href":"http:\/\/rurallascolonias.com.ar\/index.php?rest_route=\/wp\/v2\/users\/5"}],"replies":[{"embeddable":true,"href":"http:\/\/rurallascolonias.com.ar\/index.php?rest_route=%2Fwp%2Fv2%2Fcomments&post=1678"}],"version-history":[{"count":1,"href":"http:\/\/rurallascolonias.com.ar\/index.php?rest_route=\/wp\/v2\/posts\/1678\/revisions"}],"predecessor-version":[{"id":1680,"href":"http:\/\/rurallascolonias.com.ar\/index.php?rest_route=\/wp\/v2\/posts\/1678\/revisions\/1680"}],"wp:attachment":[{"href":"http:\/\/rurallascolonias.com.ar\/index.php?rest_route=%2Fwp%2Fv2%2Fmedia&parent=1678"}],"wp:term":[{"taxonomy":"category","embeddable":true,"href":"http:\/\/rurallascolonias.com.ar\/index.php?rest_route=%2Fwp%2Fv2%2Fcategories&post=1678"},{"taxonomy":"post_tag","embeddable":true,"href":"http:\/\/rurallascolonias.com.ar\/index.php?rest_route=%2Fwp%2Fv2%2Ftags&post=1678"}],"curies":[{"name":"wp","href":"https:\/\/api.w.org\/{rel}","templated":true}]}}