{"id":16779,"date":"2018-08-21T14:42:25","date_gmt":"2018-08-21T14:42:25","guid":{"rendered":"http:\/\/rurallascolonias.com.ar\/?p=16779"},"modified":"2018-08-21T14:42:25","modified_gmt":"2018-08-21T14:42:25","slug":"se-conocio-la-baja-de-los-reintegros-a-las-exportaciones-lacteas","status":"publish","type":"post","link":"http:\/\/rurallascolonias.com.ar\/?p=16779","title":{"rendered":"Se conoci\u00f3 la baja de los reintegros a las exportaciones l\u00e1cteas"},"content":{"rendered":"<p><em><strong><a href=\"http:\/\/rurallascolonias.com.ar\/?attachment_id=16780\" rel=\"attachment wp-att-16780\"><img loading=\"lazy\" class=\"aligncenter size-full wp-image-16780\" src=\"http:\/\/rurallascolonias.com.ar\/wp-content\/uploads\/2018\/08\/\u00b4queso.jpg\" alt=\"\" width=\"150\" height=\"150\" \/><\/a>A trav\u00e9s del decreto 767\/2018 se modific\u00f3 el r\u00e9gimen de reintegros<\/strong><\/em><\/p>\n<p><!--more--><\/p>\n<p>Despu\u00e9s de d\u00edas de especulaciones el gobierno public\u00f3 el decreto que establece el nuevo r\u00e9gimen de reintegros a las exportaciones, y el sector l\u00e1cteo tuvo diferentes bajas para sus principales productos de exportaci\u00f3n.<\/p>\n<p>Para la leche en polvo, que hasta la semana pasada ten\u00eda una devoluci\u00f3n de un 3% se pas\u00f3 a un 0,75%.<\/p>\n<p>Mientras tanto, para quesos y sueros la reducci\u00f3n fue de la mitad, se pas\u00f3 de un 5% a un 2,5% para ambas posiciones arancelarias.<\/p>\n<p>Autor: Dami\u00e1n Morais<br \/>\nFuente: EDairyNews<\/p>\n","protected":false},"excerpt":{"rendered":"<p>A trav\u00e9s del decreto 767\/2018 se modific\u00f3 el r\u00e9gimen de reintegros<\/p>\n","protected":false},"author":5,"featured_media":0,"comment_status":"open","ping_status":"open","sticky":false,"template":"","format":"standard","meta":[],"categories":[42],"tags":[577,705,4135],"_links":{"self":[{"href":"http:\/\/rurallascolonias.com.ar\/index.php?rest_route=\/wp\/v2\/posts\/16779"}],"collection":[{"href":"http:\/\/rurallascolonias.com.ar\/index.php?rest_route=\/wp\/v2\/posts"}],"about":[{"href":"http:\/\/rurallascolonias.com.ar\/index.php?rest_route=\/wp\/v2\/types\/post"}],"author":[{"embeddable":true,"href":"http:\/\/rurallascolonias.com.ar\/index.php?rest_route=\/wp\/v2\/users\/5"}],"replies":[{"embeddable":true,"href":"http:\/\/rurallascolonias.com.ar\/index.php?rest_route=%2Fwp%2Fv2%2Fcomments&post=16779"}],"version-history":[{"count":1,"href":"http:\/\/rurallascolonias.com.ar\/index.php?rest_route=\/wp\/v2\/posts\/16779\/revisions"}],"predecessor-version":[{"id":16781,"href":"http:\/\/rurallascolonias.com.ar\/index.php?rest_route=\/wp\/v2\/posts\/16779\/revisions\/16781"}],"wp:attachment":[{"href":"http:\/\/rurallascolonias.com.ar\/index.php?rest_route=%2Fwp%2Fv2%2Fmedia&parent=16779"}],"wp:term":[{"taxonomy":"category","embeddable":true,"href":"http:\/\/rurallascolonias.com.ar\/index.php?rest_route=%2Fwp%2Fv2%2Fcategories&post=16779"},{"taxonomy":"post_tag","embeddable":true,"href":"http:\/\/rurallascolonias.com.ar\/index.php?rest_route=%2Fwp%2Fv2%2Ftags&post=16779"}],"curies":[{"name":"wp","href":"https:\/\/api.w.org\/{rel}","templated":true}]}}