{"id":16734,"date":"2018-08-08T10:09:36","date_gmt":"2018-08-08T10:09:36","guid":{"rendered":"http:\/\/rurallascolonias.com.ar\/?p=16734"},"modified":"2018-08-08T14:15:39","modified_gmt":"2018-08-08T14:15:39","slug":"semana-con-tiempo-variado","status":"publish","type":"post","link":"http:\/\/rurallascolonias.com.ar\/?p=16734","title":{"rendered":"Semana con tiempo variado"},"content":{"rendered":"<h3><em><a href=\"http:\/\/rurallascolonias.com.ar\/?attachment_id=16735\" rel=\"attachment wp-att-16735\"><img loading=\"lazy\" class=\"aligncenter size-full wp-image-16735\" src=\"http:\/\/rurallascolonias.com.ar\/wp-content\/uploads\/2018\/08\/clima-750x500.jpg\" alt=\"\" width=\"750\" height=\"500\" srcset=\"http:\/\/rurallascolonias.com.ar\/wp-content\/uploads\/2018\/08\/clima-750x500.jpg 750w, http:\/\/rurallascolonias.com.ar\/wp-content\/uploads\/2018\/08\/clima-750x500-300x200.jpg 300w, http:\/\/rurallascolonias.com.ar\/wp-content\/uploads\/2018\/08\/clima-750x500-600x400.jpg 600w, http:\/\/rurallascolonias.com.ar\/wp-content\/uploads\/2018\/08\/clima-750x500-624x416.jpg 624w\" sizes=\"(max-width: 750px) 100vw, 750px\" \/><\/a>La semana comenzar\u00e1 con elevadas marcas t\u00e9rmicas, luego llegar\u00e1n las lluvias y posteriormente se observar\u00e1 un importante descenso de la temperatura, aunque ser\u00e1 de corta duraci\u00f3n<\/em><\/h3>\n<p><!--more--><\/p>\n<p><span class=\"vw-dropcap vw-dropcap-standard\">D<\/span>esde hoy martes el sistema frontal fr\u00edo avanzar\u00e1 hacia la zona central del pa\u00eds, provocando precipitaciones sobre la provincia de Buenos Aires y La Pampa, que podr\u00edan extenderse hasta el sur de San Luis, sur de C\u00f3rdoba y extremo sur de la provincia de Santa Fe, especialmente hacia el final de la jornada.<\/p>\n<p>En tanto, sobre la franja norte del pa\u00eds se mantendr\u00e1n las condiciones de tiempo estables, con viento del norte, lo que seguir\u00e1 fomentando el incremento de las marcas t\u00e9rmicas.<\/p>\n<p>El mi\u00e9rcoles quedar\u00e1n dos n\u00facleos de lluvias, uno sobre el centro-este de la provincia de Buenos Aires, con el n\u00facleo m\u00e1s significativo sobre el sudeste de Buenos Aires, con un importante incremento de la intensidad del viento, lo que provocar\u00e1 el fuerte descenso t\u00e9rmico mencionado.<\/p>\n<p>El resto del pa\u00eds presentar\u00e1 condiciones de estabilidad, con una fuerte disminuci\u00f3n de la humedad en las capas bajas de la atm\u00f3sfera y un significativo descenso de la temperatura.<\/p>\n<p>Adem\u00e1s el jueves se prev\u00e9 que el sistema frontal fr\u00edo se retire del territorio nacional, por lo que se espera que se presenten condiciones de tiempo totalmente estables y con temperaturas muy bajas, incluso con heladas generalizadas sobre gran parte de la zona pampeana.<\/p>\n<p>En tanto el viernes seguir\u00e1n afianz\u00e1ndose las condiciones de tiempo estable, con la masa de aire fr\u00edo y seco bien definida sobre todo el territorio nacional. Lentamente el viento comenzar\u00e1 a rotar, primero al este y luego al norte, por lo que a partir de esta jornada se prev\u00e9 un paulatino incremento de las marcas t\u00e9rmicas, especialmente sobre la porci\u00f3n norte del pa\u00eds.<\/p>\n<p>Para el fin de semana se mantendr\u00e1 con condiciones de tiempo estable, especialmente el s\u00e1bado, que ser\u00e1 el d\u00eda con mayor estabilidad, poca nubosidad y temperaturas relativamente elevadas comparadas con el resto de la semana.<\/p>\n<p>Pero el viento seguir\u00e1 soplando del sector norte, por lo que se espera que no s\u00f3lo se genere un incremento t\u00e9rmico sino tambi\u00e9n un importante aumento de la humedad en las capas bajas de la atm\u00f3sfera.<\/p>\n<p>Esto llevar\u00e1 a una tendencia de inestabilidad sobre la regi\u00f3n del Litoral durante el domingo. Si bien por el momento no se prev\u00e9n precipitaciones, es muy probable que se observe un significativo incremento de la cobertura nubosa en toda la franja este del pa\u00eds.<\/p>\n<p>Fuente: SMN\/CCA\/Newsagrofy.com<\/p>\n","protected":false},"excerpt":{"rendered":"<p>La semana comenzar\u00e1 con elevadas marcas t\u00e9rmicas, luego llegar\u00e1n las lluvias y posteriormente se observar\u00e1 un importante descenso de la temperatura, aunque ser\u00e1 de corta duraci\u00f3n<\/p>\n","protected":false},"author":5,"featured_media":0,"comment_status":"open","ping_status":"open","sticky":false,"template":"","format":"standard","meta":[],"categories":[40],"tags":[854],"_links":{"self":[{"href":"http:\/\/rurallascolonias.com.ar\/index.php?rest_route=\/wp\/v2\/posts\/16734"}],"collection":[{"href":"http:\/\/rurallascolonias.com.ar\/index.php?rest_route=\/wp\/v2\/posts"}],"about":[{"href":"http:\/\/rurallascolonias.com.ar\/index.php?rest_route=\/wp\/v2\/types\/post"}],"author":[{"embeddable":true,"href":"http:\/\/rurallascolonias.com.ar\/index.php?rest_route=\/wp\/v2\/users\/5"}],"replies":[{"embeddable":true,"href":"http:\/\/rurallascolonias.com.ar\/index.php?rest_route=%2Fwp%2Fv2%2Fcomments&post=16734"}],"version-history":[{"count":1,"href":"http:\/\/rurallascolonias.com.ar\/index.php?rest_route=\/wp\/v2\/posts\/16734\/revisions"}],"predecessor-version":[{"id":16736,"href":"http:\/\/rurallascolonias.com.ar\/index.php?rest_route=\/wp\/v2\/posts\/16734\/revisions\/16736"}],"wp:attachment":[{"href":"http:\/\/rurallascolonias.com.ar\/index.php?rest_route=%2Fwp%2Fv2%2Fmedia&parent=16734"}],"wp:term":[{"taxonomy":"category","embeddable":true,"href":"http:\/\/rurallascolonias.com.ar\/index.php?rest_route=%2Fwp%2Fv2%2Fcategories&post=16734"},{"taxonomy":"post_tag","embeddable":true,"href":"http:\/\/rurallascolonias.com.ar\/index.php?rest_route=%2Fwp%2Fv2%2Ftags&post=16734"}],"curies":[{"name":"wp","href":"https:\/\/api.w.org\/{rel}","templated":true}]}}