{"id":1672,"date":"2014-03-10T14:13:07","date_gmt":"2014-03-10T14:13:07","guid":{"rendered":"http:\/\/rurallascolonias.com.ar\/?p=1672"},"modified":"2014-03-10T14:13:07","modified_gmt":"2014-03-10T14:13:07","slug":"el-estado-puede-intervenir-en-procesos-comerciales","status":"publish","type":"post","link":"http:\/\/rurallascolonias.com.ar\/?p=1672","title":{"rendered":"\u00abEl Estado puede intervenir en procesos comerciales\u00bb"},"content":{"rendered":"<p><em><a href=\"http:\/\/rurallascolonias.com.ar\/wp-content\/uploads\/2014\/03\/CASAMIQUELA-4.jpg\"><img loading=\"lazy\" class=\"aligncenter size-full wp-image-1673\" alt=\"CASAMIQUELA 4\" src=\"http:\/\/rurallascolonias.com.ar\/wp-content\/uploads\/2014\/03\/CASAMIQUELA-4.jpg\" width=\"394\" height=\"202\" srcset=\"http:\/\/rurallascolonias.com.ar\/wp-content\/uploads\/2014\/03\/CASAMIQUELA-4.jpg 394w, http:\/\/rurallascolonias.com.ar\/wp-content\/uploads\/2014\/03\/CASAMIQUELA-4-300x153.jpg 300w\" sizes=\"(max-width: 394px) 100vw, 394px\" \/><\/a>El ministro de Agricultura, Carlos Casamiquela, consider\u00f3 que el Estado tiene herramientas para \u00abintervenir y normalizar algunos procesos comerciales\u00bb y asegur\u00f3 que \u00abel duro reclamo\u00bb del gobierno oblig\u00f3 a los exportadores a reactivar el ritmo de liquidaci\u00f3n de divisas provenientes de la venta de soja al exterior, luego de una demora de varios meses.<!--more--><\/em><\/p>\n<p>\u00abLo que el Estado est\u00e1 mirando con atenci\u00f3n es que este proceso comercial beneficie al conjunto de los que producen en este pa\u00eds\u00bb, indic\u00f3 Casamiquela.<\/p>\n<p>El ministro afirm\u00f3 que \u00abhay un cierto nivel de concentraci\u00f3n en t\u00e9rminos de quienes exportan\u00bb la oleaginosa, no obstante lo cual destac\u00f3 que \u00abentre ellos est\u00e1n los sistemas cooperativos argentinos\u00bb.<\/p>\n<p>\u00abEs cierto que hay un nivel de concentraci\u00f3n en las empresas que gobiernan el proceso de exportaci\u00f3n, eso genera que nos planteemos cu\u00e1l es el cuidado que debe tener el Estado para que el proceso comercial sea beneficioso e integrador para todo el pa\u00eds\u00bb, indic\u00f3 el ministro.<\/p>\n<p>En ese sentido, sostuvo que \u00abhay que tener mucho cuidado\u00bb, porque se\u00f1al\u00f3 que \u00aben los procesos comerciales todo el mundo maximiza sus ganancias y eso no hace al beneficio del conjunto, sino de unos pocos particulares\u00bb.<\/p>\n<p>En consecuencia afirm\u00f3 que \u00abel Estado tiene que estar muy atento para que sea un proceso arm\u00f3nico que permita manejar los equilibrios dentro de la sociedad\u00bb.<\/p>\n<p>De otra manera, addvirti\u00f3, \u00abse toman decisiones, de parte de escasas personas, que generan un bloqueo del proceso\u00bb. En ese sentido \u00abfueron los \u00faltimos reclamos que el gobierno hizo duramente al sector exportador para que no se genere esa mec\u00e1nica\u00bb.<\/p>\n<p>As\u00ed se refiri\u00f3 al pedido que el jefe de Gabinete, Jorge Capitanich, y el ministro de Econom\u00eda, Axel Kicillof, le hicieron al sector exportador de cereales y oleaginosas, para que aceleraran el ritmo de sus liquidaciones de divisas, el cual hab\u00eda resultado en el primer mes del a\u00f1o en una baja de 20 por ciento en comparaci\u00f3n con el inicio de 2013.<\/p>\n<p>A partir de all\u00ed, los exportadores liquidaron unos 2.000 millones de d\u00f3lares en febrero, totalizando unos 3.000 millones en el bimestre y superando en un 28 por ciento el monto de hace un a\u00f1o.<\/p>\n<p>El ministro consider\u00f3 que \u00abel desarrollo debe ser continuo\u00bb y se deben evitar \u00absituaciones que puedan llegar a parar la rueda o a favorecer la especulaci\u00f3n\u00bb.<\/p>\n<p>Al respecto, asegur\u00f3 que \u00abel Estado tiene herramientas\u00bb, y a\u00f1adi\u00f3 que \u00aben el caso que esto suceda, en t\u00e9rminos que se instale permanentemente, puede regular, intervenir en el mercado, a partir de la generaci\u00f3n de instituciones y normativas\u00bb.<\/p>\n<p>\u00abLo puede hacer sin ning\u00fan tipo de problemas, el Estado puede ser comprador, por ejemplo cuando se habla de una Junta Nacional de Granos. Hoy el Estado tiene herramientas para intervenir y normalizar algunos procesos comerciales\u00bb, afirm\u00f3 Casamiquela.<\/p>\n<p>El ministro afirm\u00f3 que su gesti\u00f3n est\u00e1 enfocada a fortalecer el movimiento cooperativo, de manera de \u00abayudar a los productores a modificar su escala y tener otro espacio en la pelea en el proceso de comercializaci\u00f3n\u00bb.<\/p>\n<p>\u00abEstamos decididamente apoyando al movimiento cooperativo y trabajando en varios proyectos, no s\u00f3lo en lo vinculado a la soja sino tambi\u00e9n a todo aquello que haga al asociativismo\u00bb, subray\u00f3 Casamiquela.<\/p>\n<p>El ministro puntualiz\u00f3 que \u00absiempre es bueno que los productores entiendan las posibilidades que tienen asociativamente de ir aumentando su posicionamiento en los eslabones de la cadena\u00bb.<\/p>\n<p><strong>Asociativismo<\/strong><\/p>\n<p>El ministro de Agricultura consider\u00f3 \u00abimprescindible\u00bb generar procesos de asociaci\u00f3n entre productores. \u00abEstamos pensando en el desarrollo de un programa asociativo de productores\u00bb, anticip\u00f3. En ese sentido, precis\u00f3 que se trata de \u00abasociar un grupo de productores, que su proyecto com\u00fan sea de inversi\u00f3n, para generar agregado de valo\u00bb.<\/p>\n<p><strong>La Capital<\/strong><\/p>\n","protected":false},"excerpt":{"rendered":"<p>El ministro de Agricultura, Carlos Casamiquela, consider\u00f3 que el Estado tiene herramientas para \u00abintervenir y normalizar algunos procesos comerciales\u00bb y asegur\u00f3 que \u00abel duro reclamo\u00bb del gobierno oblig\u00f3 a los exportadores a reactivar el ritmo de liquidaci\u00f3n de divisas provenientes de la venta de soja al exterior, luego de una demora de varios meses.<\/p>\n","protected":false},"author":5,"featured_media":0,"comment_status":"closed","ping_status":"closed","sticky":false,"template":"","format":"standard","meta":[],"categories":[42],"tags":[22,23],"_links":{"self":[{"href":"http:\/\/rurallascolonias.com.ar\/index.php?rest_route=\/wp\/v2\/posts\/1672"}],"collection":[{"href":"http:\/\/rurallascolonias.com.ar\/index.php?rest_route=\/wp\/v2\/posts"}],"about":[{"href":"http:\/\/rurallascolonias.com.ar\/index.php?rest_route=\/wp\/v2\/types\/post"}],"author":[{"embeddable":true,"href":"http:\/\/rurallascolonias.com.ar\/index.php?rest_route=\/wp\/v2\/users\/5"}],"replies":[{"embeddable":true,"href":"http:\/\/rurallascolonias.com.ar\/index.php?rest_route=%2Fwp%2Fv2%2Fcomments&post=1672"}],"version-history":[{"count":1,"href":"http:\/\/rurallascolonias.com.ar\/index.php?rest_route=\/wp\/v2\/posts\/1672\/revisions"}],"predecessor-version":[{"id":1674,"href":"http:\/\/rurallascolonias.com.ar\/index.php?rest_route=\/wp\/v2\/posts\/1672\/revisions\/1674"}],"wp:attachment":[{"href":"http:\/\/rurallascolonias.com.ar\/index.php?rest_route=%2Fwp%2Fv2%2Fmedia&parent=1672"}],"wp:term":[{"taxonomy":"category","embeddable":true,"href":"http:\/\/rurallascolonias.com.ar\/index.php?rest_route=%2Fwp%2Fv2%2Fcategories&post=1672"},{"taxonomy":"post_tag","embeddable":true,"href":"http:\/\/rurallascolonias.com.ar\/index.php?rest_route=%2Fwp%2Fv2%2Ftags&post=1672"}],"curies":[{"name":"wp","href":"https:\/\/api.w.org\/{rel}","templated":true}]}}