{"id":16704,"date":"2018-08-01T16:24:22","date_gmt":"2018-08-01T16:24:22","guid":{"rendered":"http:\/\/rurallascolonias.com.ar\/?p=16704"},"modified":"2018-08-01T16:24:22","modified_gmt":"2018-08-01T16:24:22","slug":"hay-agenda-lechera-para-macri","status":"publish","type":"post","link":"http:\/\/rurallascolonias.com.ar\/?p=16704","title":{"rendered":"Hay agenda lechera para Macri"},"content":{"rendered":"<p><em><strong><a href=\"http:\/\/rurallascolonias.com.ar\/?attachment_id=16705\" rel=\"attachment wp-att-16705\"><img loading=\"lazy\" class=\"aligncenter size-full wp-image-16705\" src=\"http:\/\/rurallascolonias.com.ar\/wp-content\/uploads\/2018\/08\/mesa.png\" alt=\"\" width=\"300\" height=\"300\" srcset=\"http:\/\/rurallascolonias.com.ar\/wp-content\/uploads\/2018\/08\/mesa.png 300w, http:\/\/rurallascolonias.com.ar\/wp-content\/uploads\/2018\/08\/mesa-150x150.png 150w\" sizes=\"(max-width: 300px) 100vw, 300px\" \/><\/a>Las reuniones se suceden, a\u00fan en la v\u00edspera del encuentro con el presidente, para cerrar los puntos que se tirar\u00e1n en la mesa<\/strong><\/em><!--more--><\/p>\n<p class=\"western\">Ma\u00f1ana Mauricio Macri volver\u00e1 a recibir a la mesa de competitividad l\u00e1ctea, y de qu\u00e9 se hablar\u00e1 en esa reuni\u00f3n es lo que tiene ocupado al sector por estas horas.<\/p>\n<p class=\"western\">Mientras usted lee esta nota los diferentes actores de la mesa afinan el l\u00e1piz para cerrar el borrador y tratar de que se concreten propuestas para que no se desaproveche una nueva oportunidad de llegar al m\u00e1ximo protagonista pol\u00edtico.<\/p>\n<p class=\"western\">La experiencia de hace 10 d\u00edas con los referentes pol\u00edticos de las provincias lecheras dej\u00f3 en claro que hacer catarsis y repetir diagn\u00f3sticos solo sirve para desgastar a los protagonistas, por lo que se pretende que esta vez se obtenga algo concreto.<\/p>\n<p class=\"western\">En este marco es que se han acordado cuatro ejes, coyuntura, mercados, transparencia y tecnolog\u00eda e infraestructura. Cada uno de ellos con sus propuestas de trabajo. Este es el documento base que ser\u00e1 achicado en el d\u00eda de hoy:<\/p>\n<p class=\"western\"><b>Coyuntura<\/b><\/p>\n<table width=\"662\" cellspacing=\"0\" cellpadding=\"7\">\n<colgroup>\n<col width=\"92\" \/>\n<col width=\"212\" \/>\n<col width=\"315\" \/><\/colgroup>\n<tbody>\n<tr valign=\"top\">\n<td rowspan=\"3\" width=\"92\">\n<p class=\"western\">Financiamiento<\/p>\n<p class=\"western\" align=\"center\">(BNA)<\/p>\n<\/td>\n<td width=\"212\">\n<p class=\"western\">Mejora de acceso al cr\u00e9dito y costo de financiamiento<\/p>\n<\/td>\n<td width=\"315\">\n<ul>\n<li>Nuevas l\u00edneas de cr\u00e9ditos a baja tasa para producci\u00f3n e industria.<\/li>\n<li>Tratamiento preferencial de acceso al peque\u00f1o productor.<\/li>\n<li>Tasa 0 para el descuento de cheques.<\/li>\n<li>Actualizaci\u00f3n autom\u00e1tica de l\u00edmites de tarjetas.<\/li>\n<li>Cr\u00e9dito a valor producto.<\/li>\n<li>Informe a los gerentes de bancos sobre cobrabilidad\/morosidad del sector tambero en la banca p\u00fablica.<\/li>\n<\/ul>\n<\/td>\n<\/tr>\n<tr valign=\"top\">\n<td width=\"212\">\n<p class=\"western\">Pr\u00f3rroga de vencimiento de obligaciones financieras.<\/p>\n<\/td>\n<td width=\"315\"><\/td>\n<\/tr>\n<tr valign=\"top\">\n<td width=\"212\">\n<p class=\"western\">Fondo de garant\u00edas para facilitar el acceso al cr\u00e9dito<\/p>\n<\/td>\n<td width=\"315\">\n<ul>\n<li>Certificado productivo de SIGLEA y Prenda Ganadera.<\/li>\n<\/ul>\n<\/td>\n<\/tr>\n<tr valign=\"top\">\n<td rowspan=\"5\" width=\"92\">\n<p class=\"western\">Presi\u00f3n Fiscal<\/p>\n<p class=\"western\">(AFIP)<\/p>\n<\/td>\n<td width=\"212\">\n<p class=\"western\">Diferimiento de vencimientos impositivos.<\/p>\n<\/td>\n<td width=\"315\">\n<ul>\n<li>Ganancias, IVA y bienes personales.<\/li>\n<\/ul>\n<\/td>\n<\/tr>\n<tr valign=\"top\">\n<td width=\"212\">\n<p class=\"western\">Aportes patronales.<\/p>\n<\/td>\n<td width=\"315\">\n<ul>\n<li>Reducci\u00f3n para las micro, peque\u00f1as y medianas empresas.<\/li>\n<\/ul>\n<\/td>\n<\/tr>\n<tr valign=\"top\">\n<td width=\"212\">\n<p class=\"western\">Intimaciones AFIP<\/p>\n<\/td>\n<td width=\"315\">\n<ul>\n<li>Razonabilidad en los plazos de intimaci\u00f3n.<\/li>\n<li>Mejorar redacci\u00f3n de cartas de inducci\u00f3n y\/o recordatorios por parte de AFIP.<\/li>\n<\/ul>\n<\/td>\n<\/tr>\n<tr valign=\"top\">\n<td width=\"212\">\n<p class=\"western\">Disminuir impuestos en tarifas de energ\u00eda.<\/p>\n<\/td>\n<td width=\"315\">\n<ul>\n<li>Al\u00edcuota IVA.<\/li>\n<\/ul>\n<\/td>\n<\/tr>\n<tr valign=\"top\">\n<td width=\"212\">\n<p class=\"western\">Reducci\u00f3n de aranceles para la compra de bienes de capital para tecnolog\u00eda<\/p>\n<\/td>\n<td width=\"315\">\n<ul>\n<li>Equipos automatizados (robots de orde\u00f1o)<\/li>\n<li>Picadoras, megaenfardadoras y segadoras.<\/li>\n<li>Incorporar equipamiento industrial.<\/li>\n<\/ul>\n<\/td>\n<\/tr>\n<tr valign=\"top\">\n<td width=\"92\">\n<p class=\"western\">Propuesta<\/p>\n<\/td>\n<td width=\"212\">\n<p class=\"western\">Declaraci\u00f3n de la emergencia econ\u00f3mica del sector<\/p>\n<\/td>\n<td width=\"315\"><\/td>\n<\/tr>\n<\/tbody>\n<\/table>\n<p class=\"western\"><b>Mercados<\/b><\/p>\n<table width=\"662\" cellspacing=\"0\" cellpadding=\"7\">\n<colgroup>\n<col width=\"99\" \/>\n<col width=\"203\" \/>\n<col width=\"317\" \/><\/colgroup>\n<tbody>\n<tr valign=\"top\">\n<td width=\"99\">\n<p class=\"western\">Generar acciones para incrementar el consumo interno.<\/p>\n<p class=\"western\">(Ministerio de Desarrollo Social y Ministerio de Salud).<\/p>\n<\/td>\n<td width=\"203\">\n<p class=\"western\">Compras del Estado.<\/p>\n<\/td>\n<td width=\"317\">\n<ul>\n<li>Priorizar la participaci\u00f3n de las industrias l\u00e1cteas en lugar de los intermediarios. (50% de las compras las hacen intermediarios.<\/li>\n<li>Acortamiento de plazos de pago.<\/li>\n<li>Compras inteligentes (aprovechando la estacionalidad de la actividad).<\/li>\n<li>Aumento de compras para aumentar el consumo en regiones de bajo consumo.<\/li>\n<\/ul>\n<\/td>\n<\/tr>\n<tr valign=\"top\">\n<td rowspan=\"2\" width=\"99\">\n<p class=\"western\">Mayor y mejor inserci\u00f3n internacional.<\/p>\n<p class=\"western\">(Canciller\u00eda, Ministerio de Producci\u00f3n, Minagro)<\/p>\n<\/td>\n<td width=\"203\">\n<p class=\"western\">Priorizar los productos l\u00e1cteos en las negociaciones internacionales.<\/p>\n<\/td>\n<td width=\"317\">\n<ul>\n<li>Acuerdos comerciales entre pa\u00edses y bloques.<\/li>\n<li>Rusia<\/li>\n<li>Brasil<\/li>\n<li>Korea 5.000 Tn de quesos.<\/li>\n<li>China.<\/li>\n<li>SE asi\u00e1tico (Vietnam, Malasia y Filipinas).<\/li>\n<li>M\u00e9xico 6.000 Tn de quesos<\/li>\n<li>Magreb.<\/li>\n<li>Mejora en las condiciones arancelarias y sanitarias.<\/li>\n<\/ul>\n<\/td>\n<\/tr>\n<tr valign=\"top\">\n<td width=\"203\">\n<p class=\"western\">Facilitar el proceso exportador.<\/p>\n<p class=\"western\">(Senasa y Aduana)<\/p>\n<\/td>\n<td width=\"317\">\n<ul>\n<li>Mejorar los plazos.<\/li>\n<li>Reducir costos de exportaci\u00f3n.<\/li>\n<li>Facilitar los tr\u00e1mites.<\/li>\n<li>An\u00e1lisis comparado con los principales competidores sobre costos de exportaci\u00f3n y d\u00edas de tramitaci\u00f3n.<\/li>\n<\/ul>\n<\/td>\n<\/tr>\n<\/tbody>\n<\/table>\n<p class=\"western\"><b>Transparencia<\/b><\/p>\n<table width=\"662\" cellspacing=\"0\" cellpadding=\"7\">\n<colgroup>\n<col width=\"99\" \/>\n<col width=\"203\" \/>\n<col width=\"317\" \/><\/colgroup>\n<tbody>\n<tr valign=\"top\">\n<td rowspan=\"2\" width=\"99\">\n<p class=\"western\">Consolidaci\u00f3n del SIGLEA como plataforma comercial<\/p>\n<p class=\"western\">(Afip, Senasa y Minagro)<\/p>\n<\/td>\n<td width=\"203\">\n<p class=\"western\">Transparentar las transacciones comerciales.<\/p>\n<\/td>\n<td width=\"317\">\n<ul>\n<li>Remito electr\u00f3nico.<\/li>\n<li>LUMES entre todos los actores.<\/li>\n<li>Validaci\u00f3n de Renspas.<\/li>\n<li>Validaci\u00f3n de par\u00e1metros de calidad.<\/li>\n<\/ul>\n<\/td>\n<\/tr>\n<tr valign=\"top\">\n<td width=\"203\">\n<p class=\"western\">Consolidaci\u00f3n del pago por calidad. Resoluci\u00f3n 229\/16<\/p>\n<\/td>\n<td width=\"317\">\n<ul>\n<li>Validaci\u00f3n de los par\u00e1metros de calidad (laboratorios).<\/li>\n<li>Definici\u00f3n de una estrategia y un acuerdo sectorial.<\/li>\n<\/ul>\n<\/td>\n<\/tr>\n<tr valign=\"top\">\n<td width=\"99\">\n<p class=\"western\">Mejora en el sistema de fiscalizaci\u00f3n existente<\/p>\n<p class=\"western\">(Afip, Senasa, Minagro e INAL)<\/p>\n<\/td>\n<td width=\"203\">\n<p class=\"western\">Trabajo coordinado entre naci\u00f3n y provincias.<\/p>\n<p class=\"western\">Crear nuevas herramientas de fiscalizaci\u00f3n.<\/p>\n<\/td>\n<td width=\"317\"><\/td>\n<\/tr>\n<tr valign=\"top\">\n<td width=\"99\">\n<p class=\"western\">Buenas pr\u00e1cticas comerciales\u00a0(Secretar\u00eda de Comercio)<\/p>\n<\/td>\n<td width=\"203\">\n<p class=\"western\">Desarrollo de un c\u00f3digo de buenas pr\u00e1cticas comerciales.<\/p>\n<\/td>\n<td width=\"317\">\n<ul>\n<li>Producci\u00f3n e industria.<\/li>\n<li>Industria y comercio.<\/li>\n<li>Acortamiento de los plazos de pago.<\/li>\n<li>Notas de d\u00e9bito.<\/li>\n<\/ul>\n<\/td>\n<\/tr>\n<\/tbody>\n<\/table>\n<p class=\"western\"><b>Infraestructura y tecnolog\u00eda<\/b><\/p>\n<table width=\"636\" cellspacing=\"0\" cellpadding=\"7\">\n<colgroup>\n<col width=\"230\" \/>\n<col width=\"182\" \/>\n<col width=\"182\" \/><\/colgroup>\n<tbody>\n<tr valign=\"top\">\n<td rowspan=\"4\" width=\"230\">\n<p class=\"western\">Infraestructura de apoyo a la producci\u00f3n<\/p>\n<\/td>\n<td width=\"182\">\n<p class=\"western\">Mejoramiento de la red de caminos rurales.<\/p>\n<\/td>\n<td width=\"182\"><\/td>\n<\/tr>\n<tr valign=\"top\">\n<td width=\"182\">\n<p class=\"western\">Mejoramiento de la red hidr\u00e1ulica.<\/p>\n<\/td>\n<td width=\"182\"><\/td>\n<\/tr>\n<tr valign=\"top\">\n<td width=\"182\">\n<p class=\"western\">Energ\u00eda (trif\u00e1sica, continua y estable).<\/p>\n<\/td>\n<td width=\"182\"><\/td>\n<\/tr>\n<tr valign=\"top\">\n<td width=\"182\">\n<p class=\"western\">Conectividad.<\/p>\n<\/td>\n<td width=\"182\"><\/td>\n<\/tr>\n<tr valign=\"top\">\n<td width=\"230\">\n<p class=\"western\">Programa integral de asistencia y actualizaci\u00f3n tecnol\u00f3gica para industrias\u00a0(INTI, MINCYT, MINPROD y MINAGRO)<\/p>\n<\/td>\n<td width=\"182\"><\/td>\n<td width=\"182\"><\/td>\n<\/tr>\n<tr valign=\"top\">\n<td width=\"230\">\n<p class=\"western\">Programa integral de asistencia y actualizaci\u00f3n tecnol\u00f3gica para tambos\u00a0(INTA, MINCYT, MINPROD y MINAGRO)<\/p>\n<\/td>\n<td width=\"182\"><\/td>\n<td width=\"182\"><\/td>\n<\/tr>\n<\/tbody>\n<\/table>\n<p class=\"western\">Propuesta: Desarrollo de un fondo espec\u00edfico comprometido por el gobierno nacional que financie a largo plazo las obras de infraestructura necesarias.<\/p>\n<p class=\"western\">Mayor coordinaci\u00f3n con las provincias para la priorizaci\u00f3n de obras.<\/p>\n<p class=\"western\">Dami\u00e1n Morais para EDairyNews<\/p>\n","protected":false},"excerpt":{"rendered":"<p>Las reuniones se suceden, a\u00fan en la v\u00edspera del encuentro con el presidente, para cerrar los puntos que se tirar\u00e1n en la mesa<\/p>\n","protected":false},"author":5,"featured_media":0,"comment_status":"open","ping_status":"open","sticky":false,"template":"","format":"standard","meta":[],"categories":[33],"tags":[2698,2533,2439],"_links":{"self":[{"href":"http:\/\/rurallascolonias.com.ar\/index.php?rest_route=\/wp\/v2\/posts\/16704"}],"collection":[{"href":"http:\/\/rurallascolonias.com.ar\/index.php?rest_route=\/wp\/v2\/posts"}],"about":[{"href":"http:\/\/rurallascolonias.com.ar\/index.php?rest_route=\/wp\/v2\/types\/post"}],"author":[{"embeddable":true,"href":"http:\/\/rurallascolonias.com.ar\/index.php?rest_route=\/wp\/v2\/users\/5"}],"replies":[{"embeddable":true,"href":"http:\/\/rurallascolonias.com.ar\/index.php?rest_route=%2Fwp%2Fv2%2Fcomments&post=16704"}],"version-history":[{"count":2,"href":"http:\/\/rurallascolonias.com.ar\/index.php?rest_route=\/wp\/v2\/posts\/16704\/revisions"}],"predecessor-version":[{"id":16708,"href":"http:\/\/rurallascolonias.com.ar\/index.php?rest_route=\/wp\/v2\/posts\/16704\/revisions\/16708"}],"wp:attachment":[{"href":"http:\/\/rurallascolonias.com.ar\/index.php?rest_route=%2Fwp%2Fv2%2Fmedia&parent=16704"}],"wp:term":[{"taxonomy":"category","embeddable":true,"href":"http:\/\/rurallascolonias.com.ar\/index.php?rest_route=%2Fwp%2Fv2%2Fcategories&post=16704"},{"taxonomy":"post_tag","embeddable":true,"href":"http:\/\/rurallascolonias.com.ar\/index.php?rest_route=%2Fwp%2Fv2%2Ftags&post=16704"}],"curies":[{"name":"wp","href":"https:\/\/api.w.org\/{rel}","templated":true}]}}