{"id":16669,"date":"2018-07-25T16:16:59","date_gmt":"2018-07-25T16:16:59","guid":{"rendered":"http:\/\/rurallascolonias.com.ar\/?p=16669"},"modified":"2018-07-25T16:16:59","modified_gmt":"2018-07-25T16:16:59","slug":"productores-salieron-decepcionados-de-reunion-con-ministros-de-provincias","status":"publish","type":"post","link":"http:\/\/rurallascolonias.com.ar\/?p=16669","title":{"rendered":"Productores salieron decepcionados de reuni\u00f3n con ministros de provincias"},"content":{"rendered":"<p><em><strong><a href=\"http:\/\/rurallascolonias.com.ar\/?attachment_id=16670\" rel=\"attachment wp-att-16670\"><img loading=\"lazy\" class=\"aligncenter size-full wp-image-16670\" src=\"http:\/\/rurallascolonias.com.ar\/wp-content\/uploads\/2018\/07\/Productores-salieron-decepcionados.jpg\" alt=\"\" width=\"300\" height=\"300\" srcset=\"http:\/\/rurallascolonias.com.ar\/wp-content\/uploads\/2018\/07\/Productores-salieron-decepcionados.jpg 300w, http:\/\/rurallascolonias.com.ar\/wp-content\/uploads\/2018\/07\/Productores-salieron-decepcionados-150x150.jpg 150w\" sizes=\"(max-width: 300px) 100vw, 300px\" \/><\/a>Entre los temas que se pusieron sobre la mesa de debate en la reuni\u00f3n de ministros de provincias lecheras, productores y dirigentes, se pueden destacar el precio de referencia, la solicitud de incrementar lo que se paga al tambero para hacer viable la actividad y la infraestructura, entre otros<\/strong><\/em><!--more--><\/p>\n<p>El encuentro, encabezado por los ministros de C\u00f3rdoba, Santa F\u00e9, Santiago del Estero, y Buenos Aires se realiz\u00f3 con el objetivo de escuchar los planteos y propuestas en relaci\u00f3n a la actual coyuntura que atraviesa el sector, fue convocado a instancias de Confederaciones Rurales Argentinas.<\/p>\n<p>Sin embargo, para los productores que participaron de la reuni\u00f3n, dej\u00f3 sabor a poco y fue m\u00e1s de lo mismo. El sector l\u00e1cteo se reunir\u00e1 el pr\u00f3ximo 2 de agosto con el presidente Macri<\/p>\n<p>Palabra de Productor<\/p>\n<p>\u201cDecepcionante, hacer 500 o 600 kms s\u00f3lo para venir a contarles lo que estamos pasando los tamberos. Son ministros, ya deber\u00edan saberlo. Ven\u00edamos con muchas expectativas\u201d, dijo el productor Marcelo Aimaro, de la Mesa de Productores Lecheros de Santa en declaraciones a Canal Rural.<\/p>\n<p>\u201cHoy est\u00e1n mal todos los productores, desde el chico hasta el grande, y no es una cuesti\u00f3n de eficiencia, no nos dan los n\u00fameros\u201d, agreg\u00f3 el productor Fernando C\u00f3rdoba<\/p>\n<p>Por su parte, Aimaro aport\u00f3 un par de datos para el recuadro: \u201chace 30 meses que el productor viene perdiendo dinero, $17.000 millones perdi\u00f3 la cadena, el 97% sobre las espaldas del productor\u201d. Son datos oficiales del Observatorio de la Cadena L\u00e1ctea Argentina (OCLA), seg\u00fan dijo el dirigente. Frente a lo cual se\u00f1al\u00f3 que \u201c458 tambos desaparecieron en el \u00faltimo a\u00f1o\u201d.<\/p>\n<p>De acuerdo al panorama que brind\u00f3 el dirigente, los productores afrontan costos que han aumentado un 70%, mientras que la producci\u00f3n s\u00f3lo una suba del 20%.<\/p>\n<p>\u201cEs muy lindo mostrar un tambo en la Rural, un tambo prolijito pero no muestran cuando se orde\u00f1a con barro, cuando hay que sacar la leche sin caminos, cuando se corta la luz. Ese no es el tambo que tenemos en las provincias\u201d, agreg\u00f3 C\u00f3rdoba.<\/p>\n<p>Ambos productores, durante la entrevista en el Rural, enfatizaron sobre el pedido de reglas claras, al se\u00f1alar que \u201cel presidente nos dijo en la primera reuni\u00f3n de diciembre: \u00b4esto es un negocio entre privados\u00b4. Pero, sino tenemos reglas de juego, alguien que arbitre, que te diga como jugar, est\u00e1 visto que los que desaparecen son los productores\u201d, enfatiz\u00f3 Aimaro.<\/p>\n<p>\u201cHay que partir de que la leche es perecedera, no es como la cadena de la carne o la de los cereales que yo puedo retener\u201d, dijo el productor.<\/p>\n<p>Palabra Oficial<\/p>\n<p>\u201cHemos venido a escuchar al sector, porque el tambo es muy importante para nosotros, ya que adem\u00e1s de lo estrictamente productivo significa arraigo, territorialidad, fuentes de trabajo\u201d, expres\u00f3 el ministro el titular de la cartera agropecuaria cordobesa, Sergio Busso.<\/p>\n<p>\u201cEl objetivo fue escuchar y repasar las principales problem\u00e1ticas del sector para enfrentar la crisis de forma conjunta y evitar el cierre de tambos\u201d apunt\u00f3 la Ministra de la Producci\u00f3n de Santa F\u00e9.<\/p>\n<p>\u201cLa idea es reunir lo que se habl\u00f3 hoy y llevarlo a la Mesa de Competitividad Nacional\u201d, agreg\u00f3 Busso.<\/p>\n<p>Participaron de la reuni\u00f3n lechera el ministro de Agricultura y Ganader\u00eda de la Provincia de C\u00f3rdoba, Sergio Busso, junto a sus pares de Santa Fe, Santiago del Estero y Buenos Aires, Alicia Ciciliani, Miguel Mandrile y Leonardo Sarqu\u00eds, respectivamente . Tambi\u00e9n participaron productores lecheros y representantes de entidades del campo, como CRA, CONINAGRO, Federaci\u00f3n Agraria Argentina, Confederaci\u00f3n de Asociaciones Rurales de la Provincia de Santa Fe, CARPOLEC, CARBAP y Sociedad Rural Argentina.<\/p>\n<p>Autor: Claudio Vaca<\/p>\n<p>Agroverdad<\/p>\n","protected":false},"excerpt":{"rendered":"<p>Entre los temas que se pusieron sobre la mesa de debate en la reuni\u00f3n de ministros de provincias lecheras, productores y dirigentes, se pueden destacar el precio de referencia, la solicitud de incrementar lo que se paga al tambero para hacer viable la actividad y la infraestructura, entre otros<\/p>\n","protected":false},"author":5,"featured_media":0,"comment_status":"open","ping_status":"open","sticky":false,"template":"","format":"standard","meta":[],"categories":[42,33],"tags":[4064,3565,312,74],"_links":{"self":[{"href":"http:\/\/rurallascolonias.com.ar\/index.php?rest_route=\/wp\/v2\/posts\/16669"}],"collection":[{"href":"http:\/\/rurallascolonias.com.ar\/index.php?rest_route=\/wp\/v2\/posts"}],"about":[{"href":"http:\/\/rurallascolonias.com.ar\/index.php?rest_route=\/wp\/v2\/types\/post"}],"author":[{"embeddable":true,"href":"http:\/\/rurallascolonias.com.ar\/index.php?rest_route=\/wp\/v2\/users\/5"}],"replies":[{"embeddable":true,"href":"http:\/\/rurallascolonias.com.ar\/index.php?rest_route=%2Fwp%2Fv2%2Fcomments&post=16669"}],"version-history":[{"count":1,"href":"http:\/\/rurallascolonias.com.ar\/index.php?rest_route=\/wp\/v2\/posts\/16669\/revisions"}],"predecessor-version":[{"id":16671,"href":"http:\/\/rurallascolonias.com.ar\/index.php?rest_route=\/wp\/v2\/posts\/16669\/revisions\/16671"}],"wp:attachment":[{"href":"http:\/\/rurallascolonias.com.ar\/index.php?rest_route=%2Fwp%2Fv2%2Fmedia&parent=16669"}],"wp:term":[{"taxonomy":"category","embeddable":true,"href":"http:\/\/rurallascolonias.com.ar\/index.php?rest_route=%2Fwp%2Fv2%2Fcategories&post=16669"},{"taxonomy":"post_tag","embeddable":true,"href":"http:\/\/rurallascolonias.com.ar\/index.php?rest_route=%2Fwp%2Fv2%2Ftags&post=16669"}],"curies":[{"name":"wp","href":"https:\/\/api.w.org\/{rel}","templated":true}]}}