{"id":16660,"date":"2018-07-24T16:42:25","date_gmt":"2018-07-24T16:42:25","guid":{"rendered":"http:\/\/rurallascolonias.com.ar\/?p=16660"},"modified":"2018-07-24T16:42:25","modified_gmt":"2018-07-24T16:42:25","slug":"otra-reunion-por-la-lecheria-y-van","status":"publish","type":"post","link":"http:\/\/rurallascolonias.com.ar\/?p=16660","title":{"rendered":"Otra reuni\u00f3n por la lecher\u00eda, y van\u2026"},"content":{"rendered":"<p><em><strong><a href=\"http:\/\/rurallascolonias.com.ar\/?attachment_id=14704\" rel=\"attachment wp-att-14704\"><img loading=\"lazy\" class=\"aligncenter size-full wp-image-14704\" src=\"http:\/\/rurallascolonias.com.ar\/wp-content\/uploads\/2017\/06\/lecher\u00eda-4.jpg\" alt=\"\" width=\"300\" height=\"300\" srcset=\"http:\/\/rurallascolonias.com.ar\/wp-content\/uploads\/2017\/06\/lecher\u00eda-4.jpg 300w, http:\/\/rurallascolonias.com.ar\/wp-content\/uploads\/2017\/06\/lecher\u00eda-4-150x150.jpg 150w\" sizes=\"(max-width: 300px) 100vw, 300px\" \/><\/a>\u201cSanta Fe es la provincia m\u00e1s afectada\u201d<\/strong><\/em><!--more--><\/p>\n<p>Hoy, los ministros de la Producci\u00f3n de las provincias lecheras se re\u00fanen la Casa de Santa Fe en Buenos Aires con las entidades productivas, que volver\u00e1n a proponer una salida estructural.<\/p>\n<p>En el encuentro estar\u00e1n presentes la ministra de la Producci\u00f3n de Santa Fe, Alicia Ciciliani; el ministro de Agricultura y Ganader\u00eda de C\u00f3rdoba, Sergio Busso; el ministro de Agroindustria de Buenos Aires, Leonardo Sarqu\u00eds; el secretario de la Producci\u00f3n de Entre R\u00edos, \u00c1lvaro Gab\u00e1s; el ministro de la Producci\u00f3n de Santiago del Estero, Miguel Mandrille; y el ministro de la Producci\u00f3n de La Pampa, Ricardo H. Moralejo.<\/p>\n<p>La convocatoria se realiz\u00f3 la semana pasada a las entidades representantes del sector tambero \u201ca una reuni\u00f3n de trabajo con el objetivo de analizar la coyuntura de la cadena productiva\u201d, por lo que no trascendieron los temas concretos ni la metodolog\u00eda del encuentro.<\/p>\n<p>\u00bfOtra catarsis?<\/p>\n<p>\u201cLa reuni\u00f3n surge por el encuentro de CRA de Rosario\u201d, dijo Eduardo Garc\u00eda Maritano de Carsfe. \u201cLa idea era plantearle el plan lechero de CRA mano a mano a los funcionarios. Y recibimos la noticia de esta reuni\u00f3n muy grande con todas las entidades, as\u00ed que nos parece importante tener una agenda previa, saber qui\u00e9n va a presentar, para que el encuentro no sea una catarsis, porque si sum\u00e1s a todos los que van, esperamos poder tener tiempo para poder presentar nuestra propuesta -una vez m\u00e1s- y abrir un debate. Vamos con muchas expectativas y deseos\u201d, reconoci\u00f3.<\/p>\n<p>Para Marcelo Aimaro de Meprolsafe, en el actual escenario, \u201cSanta Fe es la provincia m\u00e1s afectada\u201d por tener un gran n\u00famero de establecimientos chicos. \u201cNo nos pasaron un temario, nosotros seguimos por la misma l\u00ednea de siempre. Reglas de juego, ley de regulaci\u00f3n, un precio justo al productor, exportar saldos. Es decir, aplicar la base del acuerdo de San Francisco\u201d, reconoci\u00f3.<\/p>\n<p>Y agreg\u00f3 que \u201ces mucha la calentura\u201d desde la Mesa de Lecher\u00eda con el secretario Roberto Ti\u00f3n, respecto si son verdad esas manifestaciones que desaparecimos por ser ineficientes, sin saber si estamos inundados o con sequ\u00eda; por algo fue, no s\u00f3lo por las lluvias, fueron declaraciones desafortunadas\u201d, manifest\u00f3. Y agreg\u00f3 que seg\u00fan cifras oficiales, cierra 1.3 tambos por d\u00eda, algo m\u00e1s de 458 en lo que va del a\u00f1o, con una p\u00e9rdida de $ 15 mil millones, de los cuales el 97 % \u201clo perdimos los productores\u201d.<\/p>\n<p>Finalmente, destac\u00f3 que a nivel productivo la situaci\u00f3n \u201cmejor\u00f3 mucho, pero a la mayor\u00eda de los productores se les est\u00e1n terminando las reservas y est\u00e1n desfinanciados para poder a volver a sembrar\u201d. Y que los cr\u00e9ditos \u201cson salvavidas de plomo, pero la plata tiene que venir, ya sea de parte de la Naci\u00f3n o la industria, pero ninguno la quiere hacer llegar. Se habla de un cr\u00e9dito subsidiado por tasa cero. Veremos. Lo urgente para nosotros es ver c\u00f3mo hacemos para cobrar los $ 8 para cubrir los costos.<\/p>\n<p>Roberto Tion, por su parte, expres\u00f3 que la reuni\u00f3n est\u00e1 confirmada para ma\u00f1ana a las 14 horas. \u201cLa idea de la ministra es juntar a las dem\u00e1s provincias para escuchar al sector y para ver qu\u00e9 esperan de la parte pol\u00edtica. Quieren juntar a todas las provincias para saber si los problemas son comunes\u201d, sostuvo, en relaci\u00f3n con la idea de la cartera productiva santafesina.<\/p>\n<p>Autor:<br \/>\nFuente: Campolitoral<\/p>\n","protected":false},"excerpt":{"rendered":"<p>\u201cSanta Fe es la provincia m\u00e1s afectada\u201d<\/p>\n","protected":false},"author":5,"featured_media":0,"comment_status":"open","ping_status":"open","sticky":false,"template":"","format":"standard","meta":[],"categories":[42,46,33],"tags":[12,74],"_links":{"self":[{"href":"http:\/\/rurallascolonias.com.ar\/index.php?rest_route=\/wp\/v2\/posts\/16660"}],"collection":[{"href":"http:\/\/rurallascolonias.com.ar\/index.php?rest_route=\/wp\/v2\/posts"}],"about":[{"href":"http:\/\/rurallascolonias.com.ar\/index.php?rest_route=\/wp\/v2\/types\/post"}],"author":[{"embeddable":true,"href":"http:\/\/rurallascolonias.com.ar\/index.php?rest_route=\/wp\/v2\/users\/5"}],"replies":[{"embeddable":true,"href":"http:\/\/rurallascolonias.com.ar\/index.php?rest_route=%2Fwp%2Fv2%2Fcomments&post=16660"}],"version-history":[{"count":1,"href":"http:\/\/rurallascolonias.com.ar\/index.php?rest_route=\/wp\/v2\/posts\/16660\/revisions"}],"predecessor-version":[{"id":16661,"href":"http:\/\/rurallascolonias.com.ar\/index.php?rest_route=\/wp\/v2\/posts\/16660\/revisions\/16661"}],"wp:attachment":[{"href":"http:\/\/rurallascolonias.com.ar\/index.php?rest_route=%2Fwp%2Fv2%2Fmedia&parent=16660"}],"wp:term":[{"taxonomy":"category","embeddable":true,"href":"http:\/\/rurallascolonias.com.ar\/index.php?rest_route=%2Fwp%2Fv2%2Fcategories&post=16660"},{"taxonomy":"post_tag","embeddable":true,"href":"http:\/\/rurallascolonias.com.ar\/index.php?rest_route=%2Fwp%2Fv2%2Ftags&post=16660"}],"curies":[{"name":"wp","href":"https:\/\/api.w.org\/{rel}","templated":true}]}}