{"id":16651,"date":"2018-07-23T16:07:33","date_gmt":"2018-07-23T16:07:33","guid":{"rendered":"http:\/\/rurallascolonias.com.ar\/?p=16651"},"modified":"2018-07-23T16:07:33","modified_gmt":"2018-07-23T16:07:33","slug":"convocan-para-el-martes-una-reunion-de-trabajo-para-el-sector-tambero","status":"publish","type":"post","link":"http:\/\/rurallascolonias.com.ar\/?p=16651","title":{"rendered":"Convocan para el martes una reuni\u00f3n de trabajo para el sector tambero"},"content":{"rendered":"<p><em><strong><a href=\"http:\/\/rurallascolonias.com.ar\/?attachment_id=16652\" rel=\"attachment wp-att-16652\"><img loading=\"lazy\" class=\"aligncenter size-full wp-image-16652\" src=\"http:\/\/rurallascolonias.com.ar\/wp-content\/uploads\/2018\/07\/Desarrollan-una-app-para-calcular-los-costos-del-tambo.jpeg\" alt=\"\" width=\"300\" height=\"300\" srcset=\"http:\/\/rurallascolonias.com.ar\/wp-content\/uploads\/2018\/07\/Desarrollan-una-app-para-calcular-los-costos-del-tambo.jpeg 300w, http:\/\/rurallascolonias.com.ar\/wp-content\/uploads\/2018\/07\/Desarrollan-una-app-para-calcular-los-costos-del-tambo-150x150.jpeg 150w\" sizes=\"(max-width: 300px) 100vw, 300px\" \/><\/a>Las provincias de Santa Fe, C\u00f3rdoba, Buenos Aires, Entre R\u00edos, Santiago del Estero y La Pampa convocan a representantes del sector a una reuni\u00f3n con el objetivo de analizar la coyuntura de la cadena productiva<\/strong><\/em><!--more--><\/p>\n<p>La ministra de la Producci\u00f3n de Santa Fe, Alicia Ciciliani; el ministro de Agricultura y Ganader\u00eda de C\u00f3rdoba, Sergio Busso; el ministro de Agroindustria de Buenos Aires, Leonardo Sarqu\u00eds; el secretario de la Producci\u00f3n de Entre R\u00edos, \u00c1lvaro Gab\u00e1s; el ministro de la Producci\u00f3n de Santiago del Estero, Miguel Mandrille; y el ministro de la Producci\u00f3n de La Pampa, Ricardo H. Moralejo; convocaron a las entidades representantes del sector tambero a una reuni\u00f3n de trabajo con el objetivo de analizar la coyuntura de la cadena productiva.<\/p>\n<p>La misma se celebrar\u00e1 el pr\u00f3ximo martes 24 de julio en la Casa de Santa Fe en la Ciudad de Buenos Aires.<\/p>\n<p>Proyecto en espera<\/p>\n<p>Con el objetivo de aliviar la crisis que sufre sector l\u00e1cteo, los senadores Alcides Calvo y Rub\u00e9n Pirola impulsaron un proyecto de ley para fomentar, promocionar y desarrollar la producci\u00f3n l\u00e1ctea en la Provincia de Santa Fe como cadena productiva integrada.<\/p>\n<p>El mismo fue aprobado por la C\u00e1mara de Senadores el a\u00f1o pasado, y desde entonces est\u00e1 a la espera de ser tratado por la C\u00e1mara de Diputados. \u201cNecesitamos que se lo trate lo antes posible antes de que se sigan haciendo reuniones con la cadena l\u00e1ctea. La Legislatura debe tomar una postura activa y aprobar esta ley\u201d afirm\u00f3 Alcides Calvo.<\/p>\n<p>El proyecto se nutre de los reclamos e inquietudes que manifestaron integrantes de la cadena de producci\u00f3n l\u00e1ctea de los departamentos Castellanos y Las Colonias, coraz\u00f3n de la cuenca lechera.<\/p>\n<p>Adem\u00e1s, la iniciativa establece la creaci\u00f3n del \u201cFondo de Fomento, Promoci\u00f3n, Sustentabilidad y Desarrollo del Sector Lechero\u201d, con el objetivo de brindar asistencia financiera a productores lecheros, industrias elaboradoras de productos derivados de la leche y a los operadores l\u00e1cteos que adquieran materia prima o subproductos de la misma para su posterior procesamiento y\/o tratamiento.<\/p>\n<p>\u201cLa grave situaci\u00f3n que enfrenta el sector requiere del trabajo conjunto de todos los actores de la cadena l\u00e1ctea, con el apoyo de Provincia y Naci\u00f3n\u201d manifest\u00f3 el senador Calvo, quien agreg\u00f3: \u201cdesde nuestro lugar presentamos este proyecto de ley que dispone la creaci\u00f3n de una Mesa de Concertaci\u00f3n y Determinaci\u00f3n del Precio de Referencia de la Leche en la Provincia de Santa Fe, integrada por representantes del Gobierno Provincial, la Legislatura, delegados de las entidades representativas de los sectores productivo-lecheros y de las entidades del sector industrial y operadores lecheros\u201d.<\/p>\n<p>Autor:<br \/>\nFuente: CampoLitoral<\/p>\n","protected":false},"excerpt":{"rendered":"<p>Las provincias de Santa Fe, C\u00f3rdoba, Buenos Aires, Entre R\u00edos, Santiago del Estero y La Pampa convocan a representantes del sector a una reuni\u00f3n con el objetivo de analizar la coyuntura de la cadena productiva<\/p>\n","protected":false},"author":5,"featured_media":0,"comment_status":"open","ping_status":"open","sticky":false,"template":"","format":"standard","meta":[],"categories":[42,46],"tags":[74,2876,1777,3159],"_links":{"self":[{"href":"http:\/\/rurallascolonias.com.ar\/index.php?rest_route=\/wp\/v2\/posts\/16651"}],"collection":[{"href":"http:\/\/rurallascolonias.com.ar\/index.php?rest_route=\/wp\/v2\/posts"}],"about":[{"href":"http:\/\/rurallascolonias.com.ar\/index.php?rest_route=\/wp\/v2\/types\/post"}],"author":[{"embeddable":true,"href":"http:\/\/rurallascolonias.com.ar\/index.php?rest_route=\/wp\/v2\/users\/5"}],"replies":[{"embeddable":true,"href":"http:\/\/rurallascolonias.com.ar\/index.php?rest_route=%2Fwp%2Fv2%2Fcomments&post=16651"}],"version-history":[{"count":1,"href":"http:\/\/rurallascolonias.com.ar\/index.php?rest_route=\/wp\/v2\/posts\/16651\/revisions"}],"predecessor-version":[{"id":16653,"href":"http:\/\/rurallascolonias.com.ar\/index.php?rest_route=\/wp\/v2\/posts\/16651\/revisions\/16653"}],"wp:attachment":[{"href":"http:\/\/rurallascolonias.com.ar\/index.php?rest_route=%2Fwp%2Fv2%2Fmedia&parent=16651"}],"wp:term":[{"taxonomy":"category","embeddable":true,"href":"http:\/\/rurallascolonias.com.ar\/index.php?rest_route=%2Fwp%2Fv2%2Fcategories&post=16651"},{"taxonomy":"post_tag","embeddable":true,"href":"http:\/\/rurallascolonias.com.ar\/index.php?rest_route=%2Fwp%2Fv2%2Ftags&post=16651"}],"curies":[{"name":"wp","href":"https:\/\/api.w.org\/{rel}","templated":true}]}}