{"id":16626,"date":"2018-07-17T15:54:13","date_gmt":"2018-07-17T15:54:13","guid":{"rendered":"http:\/\/rurallascolonias.com.ar\/?p=16626"},"modified":"2018-07-17T15:54:13","modified_gmt":"2018-07-17T15:54:13","slug":"enojo-con-nacion-el-tambero-en-un-99-aposto-a-un-cambio-que-lamentablemente-no-nos-acompano","status":"publish","type":"post","link":"http:\/\/rurallascolonias.com.ar\/?p=16626","title":{"rendered":"Enojo con Naci\u00f3n: \u201cEl tambero, en un 99%, apost\u00f3 a un cambio que lamentablemente no nos acompa\u00f1\u00f3\u201d"},"content":{"rendered":"<p><em><strong><a href=\"http:\/\/rurallascolonias.com.ar\/?attachment_id=10462\" rel=\"attachment wp-att-10462\"><img loading=\"lazy\" class=\"aligncenter size-full wp-image-10462\" src=\"http:\/\/rurallascolonias.com.ar\/wp-content\/uploads\/2016\/04\/aimaro.jpg\" alt=\"\" width=\"300\" height=\"300\" srcset=\"http:\/\/rurallascolonias.com.ar\/wp-content\/uploads\/2016\/04\/aimaro.jpg 300w, http:\/\/rurallascolonias.com.ar\/wp-content\/uploads\/2016\/04\/aimaro-150x150.jpg 150w\" sizes=\"(max-width: 300px) 100vw, 300px\" \/><\/a>Desde la Mesa Provincial de Productores Lecheros de Santa Fe se expresaron en duros t\u00e9rminos respecto de las pol\u00edticas que lleva adelante el Ejecutivo de Macri para el sector<\/strong><\/em><!--more--><\/p>\n<p>\u201cFue peor para nosotros\u201d, afirm\u00f3 Marcelo Aimaro, que anticip\u00f3 la participaci\u00f3n de tamberos santafesinos en una protesta que habr\u00e1 a fin de mes en Buenos Aires. Reclam\u00f3, adem\u00e1s, acompa\u00f1amiento del gobierno provincial.<\/p>\n<p>Sobre el fin de la semana pasado, los productores tamberos salieron a alertar, luego de un encuentro en la ciudad de Rosario, respecto de la cr\u00edtica situaci\u00f3n del sector, debido al precio planchado por parte de la industria que reciben por litro de leche cruda. Actualmente, los tambos perciben 6,75 pesos por litro de leche, cuando seg\u00fan plantearon necesitan al menos 8 pesos por litro para hacer frente a los costos productivos que se han incrementado notablemente, sobre todo despu\u00e9s de la devaluaci\u00f3n de los \u00faltimos dos meses.<\/p>\n<p>En ese marco, tambi\u00e9n solicitaron una reuni\u00f3n con el presidente Mauricio Macri, que se concretar\u00eda este martes.<\/p>\n<p>Consultado por UNO en la Radio acerca de la actualidad del sector en la provincia, Marcelo Aimaro, integrante de la comisi\u00f3n directiva de la Mesa Provincial de Productores Lecheros de Santa Fe (Meprolsafe) afirm\u00f3 que, en el presente, las entidades de productores est\u00e1n todas en la misma l\u00ednea: \u201cUna desaz\u00f3n total\u201d. Adem\u00e1s se refiri\u00f3 en duros t\u00e9rminos para con el gobierno nacional.<\/p>\n<p><iframe loading=\"lazy\" src=\"http:\/\/radiocut.fm\/audiocut\/embed\/mini\/enojo-con-nacion-el-tambero-apoyo-un-cambio-que-lamentablemente-no-nos-acompano\" width=\"100%\" height=\"65px\" frameborder=\"no\" scrolling=\"no\" data-mce-fragment=\"1\"><\/iframe><\/p>\n<p>Aimaro se quej\u00f3 de la falta de pol\u00edticas acertadas para el sector, compar\u00f3 la actividad con el agro y la ganader\u00eda, y dijo que los tamberos son \u201clos hijos olvidados del campo\u201d. En ese sentido, sostuvo que lo que necesitan los productores, independientemente de las reuniones a las que se los pueda convocar, es que ser mejore el precio que reciben por litro de leche que entregan a la industria.<\/p>\n<p>\u201cNecesitamos precio, porque estamos cobrando muy lejos de lo que son nuestros costos. Hoy el productor necesitar\u00eda tener arriba de los 8 pesos para mantenerse. Hay datos que son oficiales: en el \u00faltimo a\u00f1o, la cadena perdi\u00f3 15.000 millones de pesos, y 14.500 millones de pesos los perdieron los productores\u201d, se\u00f1al\u00f3.<\/p>\n<p>En ese marco, se quej\u00f3 por las afirmaciones del director nacional de Lecher\u00eda, que dijo que el problema del sector es la falta de confianza entre los eslabones de la cadena. \u201c\u00bfDe qu\u00e9 confianza me est\u00e1 hablando cuando el que soporta las perdidas es el productor?\u201d, se pregunt\u00f3 y agreg\u00f3: \u201cLamentablemente si no nos sentamos a la mesa a resolver seriamente este tema, va a continuar la desaparici\u00f3n de tambos. Entre 2016 y 2017 la provincia no ha perdido menos de 500 tambos. En el pa\u00eds se habla de 458 tambos en el \u00faltimo a\u00f1o, algo que nosotros decimos que es m\u00e1s. Igualmente, aunque fuera certero es en promedio 1.3 tambos por d\u00eda, una locura\u201d.<\/p>\n<p>El panorama en Santa Fe<\/p>\n<p>Consultado por el escenario en la provincia y futuras acciones del sector, Aimaro cont\u00f3 que en los \u00faltimos dos a\u00f1os se perdieron m\u00e1s de 3000 puestos de trabajo de tambos que desaparecieron o debieron achicarse y que, en virtud de esta situaci\u00f3n, esta semana impulsar\u00e1n encuentros con presidentes comunales, referentes zonales, cooperativas y legisladores, para \u201cencontrar alg\u00fan tipo de soluci\u00f3n\u201d.<\/p>\n<p>\u201cYa tenemos proyectado, junto con la gente de Federaci\u00f3n Agraria, participar de una movilizaci\u00f3n antes de fin de mes en Buenos Aires\u201d, adelant\u00f3.<\/p>\n<p>Un cambio que no lleg\u00f3<\/p>\n<p>El referente de Meprolsafe fue duro tambi\u00e9n al momento de comparar la crisis de 2008 que atraves\u00f3 el campo con la actual situaci\u00f3n. En esa direcci\u00f3n, habl\u00f3 de decepci\u00f3n entre los tamberos con el gobierno de Mauricio Macri.<\/p>\n<p>\u201cEl productor, en un 99% apost\u00f3 a un cambio que lamentablemente no nos acompa\u00f1\u00f3. Fue peor para nosotros. Creo que no est\u00e1 en el \u00e1nimo del productor tirar leche, pero lamentablemente, la desesperanza, la desaz\u00f3n, la desesperaci\u00f3n a veces hace que uno tome medidas que no quisiera nunca. Esperemos que no tengamos que tirar la leche, que no tengamos que ir a bloquear industrias, que no tengamos que hacer todas esas cosas que se hicieron en el pasado\u201d, expres\u00f3.<\/p>\n<p>En ese marco, tambi\u00e9n hubo reclamos para la provincia y pidi\u00f3 que contin\u00faen pol\u00edticas que se impulsaron hasta el a\u00f1o pasado para clarificar la cadena y fijar precios de referencia para tambos e industrial. \u201cLamentamos que hoy est\u00e1 medio como ausente. Todo lo que se hab\u00eda avanzado me parece que qued\u00f3 estancado. Tenemos que salir a reclamar y necesitamos que el gobierno de la provincia est\u00e9 acompa\u00f1ando, que nos acompa\u00f1e en Buenos Aires. Santa Fe y C\u00f3rdoba son el 70% de la leche del pa\u00eds, y el 80% de las industrias exportadoras est\u00e1n en Santa Fe. No es menor la lecher\u00eda para la econom\u00eda de Santa Fe\u201d, finaliz\u00f3.<\/p>\n<p>Autor:<br \/>\nFuente: UNO Litoral<\/p>\n","protected":false},"excerpt":{"rendered":"<p>Desde la Mesa Provincial de Productores Lecheros de Santa Fe se expresaron en duros t\u00e9rminos respecto de las pol\u00edticas que lleva adelante el Ejecutivo de Macri para el sector<\/p>\n","protected":false},"author":5,"featured_media":0,"comment_status":"open","ping_status":"open","sticky":false,"template":"","format":"standard","meta":[],"categories":[46,1393],"tags":[1013,1224,1777],"_links":{"self":[{"href":"http:\/\/rurallascolonias.com.ar\/index.php?rest_route=\/wp\/v2\/posts\/16626"}],"collection":[{"href":"http:\/\/rurallascolonias.com.ar\/index.php?rest_route=\/wp\/v2\/posts"}],"about":[{"href":"http:\/\/rurallascolonias.com.ar\/index.php?rest_route=\/wp\/v2\/types\/post"}],"author":[{"embeddable":true,"href":"http:\/\/rurallascolonias.com.ar\/index.php?rest_route=\/wp\/v2\/users\/5"}],"replies":[{"embeddable":true,"href":"http:\/\/rurallascolonias.com.ar\/index.php?rest_route=%2Fwp%2Fv2%2Fcomments&post=16626"}],"version-history":[{"count":1,"href":"http:\/\/rurallascolonias.com.ar\/index.php?rest_route=\/wp\/v2\/posts\/16626\/revisions"}],"predecessor-version":[{"id":16627,"href":"http:\/\/rurallascolonias.com.ar\/index.php?rest_route=\/wp\/v2\/posts\/16626\/revisions\/16627"}],"wp:attachment":[{"href":"http:\/\/rurallascolonias.com.ar\/index.php?rest_route=%2Fwp%2Fv2%2Fmedia&parent=16626"}],"wp:term":[{"taxonomy":"category","embeddable":true,"href":"http:\/\/rurallascolonias.com.ar\/index.php?rest_route=%2Fwp%2Fv2%2Fcategories&post=16626"},{"taxonomy":"post_tag","embeddable":true,"href":"http:\/\/rurallascolonias.com.ar\/index.php?rest_route=%2Fwp%2Fv2%2Ftags&post=16626"}],"curies":[{"name":"wp","href":"https:\/\/api.w.org\/{rel}","templated":true}]}}