{"id":16579,"date":"2018-07-10T15:48:17","date_gmt":"2018-07-10T15:48:17","guid":{"rendered":"http:\/\/rurallascolonias.com.ar\/?p=16579"},"modified":"2018-07-10T15:48:17","modified_gmt":"2018-07-10T15:48:17","slug":"la-lecheria-en-serios-problemas-hay-tambos-que-no-llegarian-a-fin-de-ano","status":"publish","type":"post","link":"http:\/\/rurallascolonias.com.ar\/?p=16579","title":{"rendered":"La lecher\u00eda, en serios problemas: \u201cHay tambos que no llegar\u00edan a fin de a\u00f1o\u201d"},"content":{"rendered":"<p><em><strong><a href=\"http:\/\/rurallascolonias.com.ar\/?attachment_id=1487\" rel=\"attachment wp-att-1487\"><img loading=\"lazy\" class=\"aligncenter size-full wp-image-1487\" src=\"http:\/\/rurallascolonias.com.ar\/wp-content\/uploads\/2014\/02\/lecher\u00eda-2.jpg\" alt=\"\" width=\"278\" height=\"182\" \/><\/a>La lecher\u00eda de la provincia de Buenos Aires y la de todo el pa\u00eds atraviesan uno de los peores momentos de la historia, tanto como para que desde Confederaciones Rurales Argentinas (CRA) aseguren que \u201csi las cosas siguen as\u00ed, hay tambos que no llegan a fin de a\u00f1o<\/strong><\/em><!--more--><\/p>\n<p>El vicepresidente de la Confederaciones Rurales Argentinas (CRA), Jorge Chemes, volvi\u00f3 a alertar sobre la \u201cprofunda y larga\u201d crisis del sector lechero y advirti\u00f3 que \u201chay tambos que no llegan a fin de a\u00f1o con esta situaci\u00f3n\u201d.<\/p>\n<p>\u201cEl sector est\u00e1 viviendo una profunda y larga crisis. Hist\u00f3ricamente no se ha vivido una crisis de tantos a\u00f1os\u201d, detall\u00f3 el referente ruralista entrevistado por radio Continental, seg\u00fan inform\u00f3 la agencia DIB. Chemes se\u00f1al\u00f3 que se \u201csigue incrementando brecha de precios entre el productor y el consumidor\u201d.<\/p>\n<p>Asimismo, detall\u00f3 que la situaci\u00f3n se complejiz\u00f3 por reciente devaluaci\u00f3n, ya que \u201clas vacas comen en d\u00f3lares y dan pesos\u201d. \u201cHay tambos que no llegan a fin de a\u00f1o con esta situaci\u00f3n\u201d, insisti\u00f3.<\/p>\n<p>Por su parte, el subsecretario de Lecher\u00eda de Naci\u00f3n, Alejandro Sanmartino, en di\u00e1logo con Las Radios de Trenque Lauquen (AM 1280 y FM 88.5, dijo que \u201cno se puede negar la situaci\u00f3n cr\u00edtica que viven los tamberos\u201d y adelant\u00f3 que \u201cel presidente de la Naci\u00f3n, Mauricio Macri, recibir\u00e1 a los representantes del sector en dos semanas\u201d.<\/p>\n<p>\u201cEstar\u00e1 presente, tambi\u00e9n, en la reuni\u00f3n del martes la gente del Banco Naci\u00f3n. Vamos a seguir trabajando los temas coyunturales, en esta Argentina que busca la normalidad y, por supuesto, los temas que hacen a la competitividad, la transparencia, el ordenamiento del sector y el crecimiento del mismo\u201d, se\u00f1al\u00f3 el funcionario,<\/p>\n<p>En tanto, respecto del futuro para los peque\u00f1os y medianos tamberos, el funcionario indic\u00f3 que \u201cla lecher\u00eda, en t\u00e9rminos de mercado, tiene una recuperaci\u00f3n mucho m\u00e1s r\u00e1pida. Es lo que estamos viendo ahora. Para julio los precios que pagar\u00e1 la industria ser\u00e1n de siete pesos. Ven\u00edamos de los seis\u201d.<\/p>\n<p>Y cuando hizo menci\u00f3n a lo que ha pasado durante los \u00faltimos tiempos se\u00f1al\u00f3 que \u201centendemos la p\u00e9rdida que tuvo el sector lechero que, adem\u00e1s, viene afectado por un problema de desorden de mercado, de inundaciones y encima la devalucaci\u00f3n. No se puede negar la situaci\u00f3n cr\u00edtica que viven los tamberos\u201d.<\/p>\n<p>Autor:<br \/>\nFuente: La Tecla<\/p>\n","protected":false},"excerpt":{"rendered":"<p>La lecher\u00eda de la provincia de Buenos Aires y la de todo el pa\u00eds atraviesan uno de los peores momentos de la historia, tanto como para que desde Confederaciones Rurales Argentinas (CRA) aseguren que \u201csi las cosas siguen as\u00ed, hay tambos que no llegan a fin de a\u00f1o<\/p>\n","protected":false},"author":5,"featured_media":0,"comment_status":"open","ping_status":"open","sticky":false,"template":"","format":"standard","meta":[],"categories":[46],"tags":[12,1112,4126],"_links":{"self":[{"href":"http:\/\/rurallascolonias.com.ar\/index.php?rest_route=\/wp\/v2\/posts\/16579"}],"collection":[{"href":"http:\/\/rurallascolonias.com.ar\/index.php?rest_route=\/wp\/v2\/posts"}],"about":[{"href":"http:\/\/rurallascolonias.com.ar\/index.php?rest_route=\/wp\/v2\/types\/post"}],"author":[{"embeddable":true,"href":"http:\/\/rurallascolonias.com.ar\/index.php?rest_route=\/wp\/v2\/users\/5"}],"replies":[{"embeddable":true,"href":"http:\/\/rurallascolonias.com.ar\/index.php?rest_route=%2Fwp%2Fv2%2Fcomments&post=16579"}],"version-history":[{"count":1,"href":"http:\/\/rurallascolonias.com.ar\/index.php?rest_route=\/wp\/v2\/posts\/16579\/revisions"}],"predecessor-version":[{"id":16580,"href":"http:\/\/rurallascolonias.com.ar\/index.php?rest_route=\/wp\/v2\/posts\/16579\/revisions\/16580"}],"wp:attachment":[{"href":"http:\/\/rurallascolonias.com.ar\/index.php?rest_route=%2Fwp%2Fv2%2Fmedia&parent=16579"}],"wp:term":[{"taxonomy":"category","embeddable":true,"href":"http:\/\/rurallascolonias.com.ar\/index.php?rest_route=%2Fwp%2Fv2%2Fcategories&post=16579"},{"taxonomy":"post_tag","embeddable":true,"href":"http:\/\/rurallascolonias.com.ar\/index.php?rest_route=%2Fwp%2Fv2%2Ftags&post=16579"}],"curies":[{"name":"wp","href":"https:\/\/api.w.org\/{rel}","templated":true}]}}