{"id":16554,"date":"2018-07-04T15:56:43","date_gmt":"2018-07-04T15:56:43","guid":{"rendered":"http:\/\/rurallascolonias.com.ar\/?p=16554"},"modified":"2018-07-04T15:56:43","modified_gmt":"2018-07-04T15:56:43","slug":"nueva-reunion-con-el-presidente-para-que","status":"publish","type":"post","link":"http:\/\/rurallascolonias.com.ar\/?p=16554","title":{"rendered":"Nueva Reuni\u00f3n con el presidente, \u00bfpara qu\u00e9?"},"content":{"rendered":"<p><em><strong><a href=\"http:\/\/rurallascolonias.com.ar\/?attachment_id=16378\" rel=\"attachment wp-att-16378\"><img loading=\"lazy\" class=\"aligncenter size-full wp-image-16378\" src=\"http:\/\/rurallascolonias.com.ar\/wp-content\/uploads\/2018\/05\/macri.jpg\" alt=\"\" width=\"300\" height=\"300\" srcset=\"http:\/\/rurallascolonias.com.ar\/wp-content\/uploads\/2018\/05\/macri.jpg 300w, http:\/\/rurallascolonias.com.ar\/wp-content\/uploads\/2018\/05\/macri-150x150.jpg 150w\" sizes=\"(max-width: 300px) 100vw, 300px\" \/><\/a>La Mesa de Competitividad L\u00e1ctea fue convocada (\u00bfde apuro?) a una nueva reuni\u00f3n con el presidente Macri para el martes pr\u00f3ximo<\/strong><\/em><!--more--><\/p>\n<p>La \u00faltima vez que la Mesa de Competitividad L\u00e1ctea se reuni\u00f3 con presidencia de la Naci\u00f3n fue el 23 de febrero, sobre el cierre se estableci\u00f3 una nueva convocatoria para el mes siguiente, a m\u00e1s tardar a los 60 d\u00edas, pas\u00f3 marzo, pas\u00f3 abril, y lleg\u00f3 la corrida, del d\u00f3lar y de la reuni\u00f3n.<\/p>\n<p>Se estaba preparando un nuevo encuentro, pero no hab\u00eda fecha estipulada, y la llamada que recibieron ayer los actores del sector los sorprendi\u00f3, no esperaban una convocatoria tan pronta, quiz\u00e1s la amenaza de protestas sectoriales haya acelerado los tiempos, pero la pregunta que comenzaron a hacerse todos es de qu\u00e9 se va a hablar.<\/p>\n<p>Si bien ya ha habido reuniones preparatorias, no se ha marcado una agenda clara, y un repaso de lo que se habl\u00f3 ese 23 de febrero no da muchas pistas. En ese \u00faltimo encuentro los ejes de la reuni\u00f3n pasaron por tres grandes temas, si hacemos un repaso veremos en qu\u00e9 quedaron.<\/p>\n<p>Infraestructura y caminos fue uno de los temas hablados, al respecto, se est\u00e1 elaborando un plan en provincia de Buenos Aires, que todav\u00eda est\u00e1 verde, Trenque Lauquen quiso poner una tasa espec\u00edfica a tamberos para mantenimiento de caminos rurales, algo que provoc\u00f3 una fuerte reacci\u00f3n del sector. En C\u00f3rdoba se comenz\u00f3 a hablar de la pavimentaci\u00f3n de un porcentaje de caminos rurales, pero con financiaci\u00f3n de los propios productores, todav\u00eda no se ha avanzado al respecto. En el resto del pa\u00eds, sin novedades.<\/p>\n<p>El segundo tema fue el mercado externo, en las \u00faltimas semanas se ha insistido en reuniones dentro del ministerio para brindar prefinanciaci\u00f3n de exportaciones para brindar m\u00e1s incentivos a las industrias, pero ya se sabe, no es s\u00f3lo voluntad, sino tambi\u00e9n un negocio que se mueve m\u00e1s lento y que reci\u00e9n con una producci\u00f3n que siga creciendo puede ser relevante para motorizar la cadena, adem\u00e1s de tener que mirar con recelo qu\u00e9 sucede con los precios internacionales que han bajado fuerte en estos d\u00edas.<\/p>\n<p>Y el \u00faltimo tema, el m\u00e1s complicado, la competitividad, que ven\u00eda golpeada, y con la \u00faltima (\u00faltima?) devaluaci\u00f3n qued\u00f3 por el piso. Seguramente, teniendo en cuenta la actual coyuntura este punto ser\u00e1 el eje central que lleven los actores de la cadena a la mesa presidencial, pero la pregunta que se hacen todos es qu\u00e9 se podr\u00e1 avanzar en este tema.<\/p>\n<p>Muchas dudas, poca esperanza, se viene la tercera reuni\u00f3n con el presidente y nadie sabe qu\u00e9 se va a tratar.<\/p>\n<p>Autor: Dami\u00e1n Morais<br \/>\nFuente: EDairyNews<\/p>\n","protected":false},"excerpt":{"rendered":"<p>La Mesa de Competitividad L\u00e1ctea fue convocada (\u00bfde apuro?) a una nueva reuni\u00f3n con el presidente Macri para el martes pr\u00f3ximo<\/p>\n","protected":false},"author":5,"featured_media":0,"comment_status":"open","ping_status":"open","sticky":false,"template":"","format":"standard","meta":[],"categories":[14],"tags":[3612,74],"_links":{"self":[{"href":"http:\/\/rurallascolonias.com.ar\/index.php?rest_route=\/wp\/v2\/posts\/16554"}],"collection":[{"href":"http:\/\/rurallascolonias.com.ar\/index.php?rest_route=\/wp\/v2\/posts"}],"about":[{"href":"http:\/\/rurallascolonias.com.ar\/index.php?rest_route=\/wp\/v2\/types\/post"}],"author":[{"embeddable":true,"href":"http:\/\/rurallascolonias.com.ar\/index.php?rest_route=\/wp\/v2\/users\/5"}],"replies":[{"embeddable":true,"href":"http:\/\/rurallascolonias.com.ar\/index.php?rest_route=%2Fwp%2Fv2%2Fcomments&post=16554"}],"version-history":[{"count":1,"href":"http:\/\/rurallascolonias.com.ar\/index.php?rest_route=\/wp\/v2\/posts\/16554\/revisions"}],"predecessor-version":[{"id":16555,"href":"http:\/\/rurallascolonias.com.ar\/index.php?rest_route=\/wp\/v2\/posts\/16554\/revisions\/16555"}],"wp:attachment":[{"href":"http:\/\/rurallascolonias.com.ar\/index.php?rest_route=%2Fwp%2Fv2%2Fmedia&parent=16554"}],"wp:term":[{"taxonomy":"category","embeddable":true,"href":"http:\/\/rurallascolonias.com.ar\/index.php?rest_route=%2Fwp%2Fv2%2Fcategories&post=16554"},{"taxonomy":"post_tag","embeddable":true,"href":"http:\/\/rurallascolonias.com.ar\/index.php?rest_route=%2Fwp%2Fv2%2Ftags&post=16554"}],"curies":[{"name":"wp","href":"https:\/\/api.w.org\/{rel}","templated":true}]}}