{"id":16529,"date":"2018-06-21T14:14:24","date_gmt":"2018-06-21T14:14:24","guid":{"rendered":"http:\/\/rurallascolonias.com.ar\/?p=16529"},"modified":"2018-06-22T14:14:46","modified_gmt":"2018-06-22T14:14:46","slug":"dardo-chiesa-reunido-con-presidentes-de-sociedades-rurales","status":"publish","type":"post","link":"http:\/\/rurallascolonias.com.ar\/?p=16529","title":{"rendered":"DARDO CHIESA REUNIDO CON PRESIDENTES DE SOCIEDADES RURALES DE SANTA FE"},"content":{"rendered":"<p><em><strong><a href=\"http:\/\/rurallascolonias.com.ar\/?attachment_id=16530\" rel=\"attachment wp-att-16530\"><img loading=\"lazy\" class=\"aligncenter size-full wp-image-16530\" src=\"http:\/\/rurallascolonias.com.ar\/wp-content\/uploads\/2018\/06\/chiesa.jpg\" alt=\"\" width=\"960\" height=\"720\" srcset=\"http:\/\/rurallascolonias.com.ar\/wp-content\/uploads\/2018\/06\/chiesa.jpg 960w, http:\/\/rurallascolonias.com.ar\/wp-content\/uploads\/2018\/06\/chiesa-300x225.jpg 300w, http:\/\/rurallascolonias.com.ar\/wp-content\/uploads\/2018\/06\/chiesa-768x576.jpg 768w, http:\/\/rurallascolonias.com.ar\/wp-content\/uploads\/2018\/06\/chiesa-600x450.jpg 600w, http:\/\/rurallascolonias.com.ar\/wp-content\/uploads\/2018\/06\/chiesa-624x468.jpg 624w\" sizes=\"(max-width: 960px) 100vw, 960px\" \/><\/a>Dardo Chiesa, presidente de CRA &#8211; Confederaciones Rurales Argentinas- se reuni\u00f3 el pasado martes 19 de junio con autoridades de CARSFE y los presidentes de las sociedades rurales de la provincia de Santa Fe, en la cual particip\u00f3 el Prof Marcelo D\u00e1ndolo, Presidente de la Sociedad Rural de Las Colonias, donde se analiz\u00f3 la agenda productiva nacional<\/strong><\/em><\/p>\n","protected":false},"excerpt":{"rendered":"<p>Dardo Chiesa, presidente de CRA &#8211; Confederaciones Rurales Argentinas- se reuni\u00f3 el pasado martes 19 de junio con autoridades de CARSFE y los presidentes de las sociedades rurales de la provincia de Santa Fe, en la cual particip\u00f3 el Prof Marcelo D\u00e1ndolo, Presidente de la Sociedad Rural de Las Colonias, donde se analiz\u00f3 la agenda [&hellip;]<\/p>\n","protected":false},"author":5,"featured_media":0,"comment_status":"open","ping_status":"open","sticky":false,"template":"","format":"standard","meta":[],"categories":[29],"tags":[2355,561],"_links":{"self":[{"href":"http:\/\/rurallascolonias.com.ar\/index.php?rest_route=\/wp\/v2\/posts\/16529"}],"collection":[{"href":"http:\/\/rurallascolonias.com.ar\/index.php?rest_route=\/wp\/v2\/posts"}],"about":[{"href":"http:\/\/rurallascolonias.com.ar\/index.php?rest_route=\/wp\/v2\/types\/post"}],"author":[{"embeddable":true,"href":"http:\/\/rurallascolonias.com.ar\/index.php?rest_route=\/wp\/v2\/users\/5"}],"replies":[{"embeddable":true,"href":"http:\/\/rurallascolonias.com.ar\/index.php?rest_route=%2Fwp%2Fv2%2Fcomments&post=16529"}],"version-history":[{"count":2,"href":"http:\/\/rurallascolonias.com.ar\/index.php?rest_route=\/wp\/v2\/posts\/16529\/revisions"}],"predecessor-version":[{"id":16532,"href":"http:\/\/rurallascolonias.com.ar\/index.php?rest_route=\/wp\/v2\/posts\/16529\/revisions\/16532"}],"wp:attachment":[{"href":"http:\/\/rurallascolonias.com.ar\/index.php?rest_route=%2Fwp%2Fv2%2Fmedia&parent=16529"}],"wp:term":[{"taxonomy":"category","embeddable":true,"href":"http:\/\/rurallascolonias.com.ar\/index.php?rest_route=%2Fwp%2Fv2%2Fcategories&post=16529"},{"taxonomy":"post_tag","embeddable":true,"href":"http:\/\/rurallascolonias.com.ar\/index.php?rest_route=%2Fwp%2Fv2%2Ftags&post=16529"}],"curies":[{"name":"wp","href":"https:\/\/api.w.org\/{rel}","templated":true}]}}