{"id":1652,"date":"2014-03-07T13:00:58","date_gmt":"2014-03-07T13:00:58","guid":{"rendered":"http:\/\/rurallascolonias.com.ar\/?p=1652"},"modified":"2014-03-07T13:00:58","modified_gmt":"2014-03-07T13:00:58","slug":"aseguran-que-hay-empresas-a-las-que-les-conviene-tener-aplastados-los-precios-al-productor","status":"publish","type":"post","link":"http:\/\/rurallascolonias.com.ar\/?p=1652","title":{"rendered":"ASEGURAN QUE HAY EMPRESAS A LAS QUE LES CONVIENE TENER APLASTADOS LOS PRECIOS AL PRODUCTOR"},"content":{"rendered":"<p><a href=\"http:\/\/rurallascolonias.com.ar\/wp-content\/uploads\/2014\/01\/retenciones-a-l\u00e1cteos.jpg\"><img loading=\"lazy\" class=\"aligncenter size-full wp-image-1137\" alt=\"retenciones a l\u00e1cteos\" src=\"http:\/\/rurallascolonias.com.ar\/wp-content\/uploads\/2014\/01\/retenciones-a-l\u00e1cteos.jpg\" width=\"263\" height=\"192\" \/><\/a>El vicepresidente de la Asociaci\u00f3n de Productores de Leche, Carlos Brave acus\u00f3 a parte del sector industrial de impulsar trabas a las exportaciones para eliminar competencia y as\u00ed \u201cpisar\u201d los valores que les pagan a los productores.<!--more--><\/p>\n<p>El vicepresidente de la Asociaci\u00f3n de Productores de Leche, Carlos Brave, se refiri\u00f3 a la reuni\u00f3n que mantuvo la Mesa Nacional de Productores. Afirm\u00f3 que as\u00ed es \u201cimposible\u201d alcanzar los niveles de producci\u00f3n y empleo que plante\u00f3 el gobierno nacional, y acus\u00f3 a parte del sector industrial de impulsar trabas a las exportaciones para eliminar competencia y as\u00ed \u201cpisar\u201d los valores que les pagan a los productores.<\/p>\n<p>Brave, en una entrevista del programa Entre el Campo y la Ciudad, dijo que \u201cLa situaci\u00f3n es cr\u00edtica, agravada por el tema clim\u00e1tico y la devaluaci\u00f3n. El 60% de nuestros costos est\u00e1n dolarizados. Es una \u00e9poca cr\u00edtica porque necesitamos dinero para confecci\u00f3n de silos. No podemos hacer frente a eso con estos precios y nos endeudamos\u201d.<\/p>\n<p>Brave, quien adem\u00e1s es coordinador de la MNPL, adelant\u00f3 que planean reunirse con el ministerio de Agricultura \u201cel 12 o 13 de marzo\u201d. Y agreg\u00f3: \u201cNo se puede pretender lo que ellos quieren, que es aumentar 7% la producci\u00f3n y 4% el personal empleado\u00bb.<\/p>\n<p>Con respecto a las limitaciones a las exportaciones de leche y c\u00f3mo afecta eso a los productores, asever\u00f3: \u201cEllos (por el Gobierno) dicen que no cierran las exportaciones, pero las restringen porque solo permiten exportar a las industrias lo mismo que en 2013. En momentos de buenos precios internacionales poner freno a eso es lapidario\u201d.<\/p>\n<p>\u201cAc\u00e1 hay una fuerte presi\u00f3n de ciertas industrias. Crean esta situaci\u00f3n porque los que est\u00e1n exportando demandan m\u00e1s leche y eso hace que haya competencia. Hay empresas que les conviene tener aplastados los precios al productor\u201d, finaliz\u00f3.<\/p>\n<p>Fuente: Infocampo<\/p>\n","protected":false},"excerpt":{"rendered":"<p>El vicepresidente de la Asociaci\u00f3n de Productores de Leche, Carlos Brave acus\u00f3 a parte del sector industrial de impulsar trabas a las exportaciones para eliminar competencia y as\u00ed \u201cpisar\u201d los valores que les pagan a los productores.<\/p>\n","protected":false},"author":5,"featured_media":0,"comment_status":"closed","ping_status":"closed","sticky":false,"template":"","format":"standard","meta":[],"categories":[46],"tags":[672,671,12],"_links":{"self":[{"href":"http:\/\/rurallascolonias.com.ar\/index.php?rest_route=\/wp\/v2\/posts\/1652"}],"collection":[{"href":"http:\/\/rurallascolonias.com.ar\/index.php?rest_route=\/wp\/v2\/posts"}],"about":[{"href":"http:\/\/rurallascolonias.com.ar\/index.php?rest_route=\/wp\/v2\/types\/post"}],"author":[{"embeddable":true,"href":"http:\/\/rurallascolonias.com.ar\/index.php?rest_route=\/wp\/v2\/users\/5"}],"replies":[{"embeddable":true,"href":"http:\/\/rurallascolonias.com.ar\/index.php?rest_route=%2Fwp%2Fv2%2Fcomments&post=1652"}],"version-history":[{"count":1,"href":"http:\/\/rurallascolonias.com.ar\/index.php?rest_route=\/wp\/v2\/posts\/1652\/revisions"}],"predecessor-version":[{"id":1653,"href":"http:\/\/rurallascolonias.com.ar\/index.php?rest_route=\/wp\/v2\/posts\/1652\/revisions\/1653"}],"wp:attachment":[{"href":"http:\/\/rurallascolonias.com.ar\/index.php?rest_route=%2Fwp%2Fv2%2Fmedia&parent=1652"}],"wp:term":[{"taxonomy":"category","embeddable":true,"href":"http:\/\/rurallascolonias.com.ar\/index.php?rest_route=%2Fwp%2Fv2%2Fcategories&post=1652"},{"taxonomy":"post_tag","embeddable":true,"href":"http:\/\/rurallascolonias.com.ar\/index.php?rest_route=%2Fwp%2Fv2%2Ftags&post=1652"}],"curies":[{"name":"wp","href":"https:\/\/api.w.org\/{rel}","templated":true}]}}