{"id":16471,"date":"2018-06-12T16:24:28","date_gmt":"2018-06-12T16:24:28","guid":{"rendered":"http:\/\/rurallascolonias.com.ar\/?p=16471"},"modified":"2018-06-12T16:24:28","modified_gmt":"2018-06-12T16:24:28","slug":"frio-y-mas-frio-afianza-el-invierno-en-toda-la-region","status":"publish","type":"post","link":"http:\/\/rurallascolonias.com.ar\/?p=16471","title":{"rendered":"Fr\u00edo y mas fr\u00edo: afianza el invierno en toda la regi\u00f3n"},"content":{"rendered":"<p><em><strong><a href=\"http:\/\/rurallascolonias.com.ar\/?attachment_id=10980\" rel=\"attachment wp-att-10980\"><img loading=\"lazy\" class=\"aligncenter size-full wp-image-10980\" src=\"http:\/\/rurallascolonias.com.ar\/wp-content\/uploads\/2016\/06\/fr\u00edo-polar.jpg\" alt=\"\" width=\"259\" height=\"194\" \/><\/a>Las marcas t\u00e9rmicas ser\u00e1n las protagonistas de la semana, debido al ingreso de una nueva masa de aire fr\u00edo y seco que avanzar\u00e1 y se afianzar\u00e1 sobre todo el territorio nacional<\/strong><\/em><!--more--><\/p>\n<p>La semana estar\u00e1 caracterizada por el ingreso de una nueva masa de aire muy fr\u00edo y seco, que inducir\u00e1 un muy fuerte descenso de las marcas t\u00e9rmicas y condiciones de tiempo estable en la mayor parte del pa\u00eds.<\/p>\n<p>Luego, a partir del viernes, las marcas t\u00e9rmicas comenzar\u00e1n a aumentar paulatinamente, aunque todav\u00eda se desarrollar\u00e1n heladas muy fuertes sobre el centro del pa\u00eds.<\/p>\n<p>Hoy martes, comenzar\u00e1 a ingresar, de manera contundente, una masa de aire fr\u00edo y seco, que avanzar\u00e1 por la porci\u00f3n centro-oeste, provocando un nuevo descenso t\u00e9rmico.<\/p>\n<p>Mientras que, sobre la porci\u00f3n centro-este del pa\u00eds, seguir\u00e1n desarroll\u00e1ndose lluvias y algunas tormentas, que abarcar\u00e1n pr\u00e1cticamente toda la provincia de Buenos Aires, sur de Entre R\u00edos, sur de Santa Fe, este de la provincia de La Pampa y este de R\u00edo Negro.<\/p>\n<p>El mi\u00e9rcoles, la masa de aire fr\u00edo y seco abarcar\u00e1 pr\u00e1cticamente todo el pa\u00eds, por lo que las heladas ser\u00edan generalizadas e intensas.<\/p>\n<p>Para el jueves, la masa de aire fr\u00edo, acompa\u00f1ada de un importante centro de alta presi\u00f3n que prevalecer\u00e1 en toda la estructura vertical de la atm\u00f3sfera, mantendr\u00e1n las condiciones de tiempo estable en todo el pa\u00eds, promoviendo las bajas marcas t\u00e9rmicas, una buena presencia de radiaci\u00f3n solar y escaso contenido de humedad.<\/p>\n<p>Las heladas ser\u00e1n muy importantes en todo el pa\u00eds, especialmente en la regi\u00f3n pampeana, donde se observar\u00e1n registros t\u00e9rmicos ampliamente por debajo de 0\u00baC.<\/p>\n<p>Por su parte el viernes, la situaci\u00f3n ser\u00e1 pr\u00e1cticamente la misma, de hecho, se prev\u00e9 que sea el momento m\u00e1s importante de las heladas sobre el centro del pa\u00eds, con las temperaturas m\u00e1s bajas del per\u00edodo de pron\u00f3stico.<\/p>\n<p>Aunque sobre la franja oeste comenzar\u00e1 a observarse un paulatino incremento t\u00e9rmico, aunque las temperaturas seguir\u00e1n siendo muy bajas en todo el pa\u00eds. No se espera que se registren lluvias en ning\u00fan sector del territorio nacional.<\/p>\n<p>El fin de semana, se prev\u00e9 que se mantengan las condiciones de tiempo estable, con el cielo mayormente despejado en todo el territorio nacional. A pesar del aumento de la temperatura, se espera que todav\u00eda contin\u00faen registr\u00e1ndose heladas de variada intensidad, aunque las mismas ser\u00edan en forma m\u00e1s d\u00e9bil y de manera m\u00e1s aislada.<\/p>\n<p>Fuente: CCA\/Newsagrofy.com\/SMN<\/p>\n","protected":false},"excerpt":{"rendered":"<p>Las marcas t\u00e9rmicas ser\u00e1n las protagonistas de la semana, debido al ingreso de una nueva masa de aire fr\u00edo y seco que avanzar\u00e1 y se afianzar\u00e1 sobre todo el territorio nacional<\/p>\n","protected":false},"author":5,"featured_media":0,"comment_status":"open","ping_status":"open","sticky":false,"template":"","format":"standard","meta":[],"categories":[40],"tags":[952,807,955],"_links":{"self":[{"href":"http:\/\/rurallascolonias.com.ar\/index.php?rest_route=\/wp\/v2\/posts\/16471"}],"collection":[{"href":"http:\/\/rurallascolonias.com.ar\/index.php?rest_route=\/wp\/v2\/posts"}],"about":[{"href":"http:\/\/rurallascolonias.com.ar\/index.php?rest_route=\/wp\/v2\/types\/post"}],"author":[{"embeddable":true,"href":"http:\/\/rurallascolonias.com.ar\/index.php?rest_route=\/wp\/v2\/users\/5"}],"replies":[{"embeddable":true,"href":"http:\/\/rurallascolonias.com.ar\/index.php?rest_route=%2Fwp%2Fv2%2Fcomments&post=16471"}],"version-history":[{"count":1,"href":"http:\/\/rurallascolonias.com.ar\/index.php?rest_route=\/wp\/v2\/posts\/16471\/revisions"}],"predecessor-version":[{"id":16472,"href":"http:\/\/rurallascolonias.com.ar\/index.php?rest_route=\/wp\/v2\/posts\/16471\/revisions\/16472"}],"wp:attachment":[{"href":"http:\/\/rurallascolonias.com.ar\/index.php?rest_route=%2Fwp%2Fv2%2Fmedia&parent=16471"}],"wp:term":[{"taxonomy":"category","embeddable":true,"href":"http:\/\/rurallascolonias.com.ar\/index.php?rest_route=%2Fwp%2Fv2%2Fcategories&post=16471"},{"taxonomy":"post_tag","embeddable":true,"href":"http:\/\/rurallascolonias.com.ar\/index.php?rest_route=%2Fwp%2Fv2%2Ftags&post=16471"}],"curies":[{"name":"wp","href":"https:\/\/api.w.org\/{rel}","templated":true}]}}