{"id":16456,"date":"2018-06-06T14:46:50","date_gmt":"2018-06-06T14:46:50","guid":{"rendered":"http:\/\/rurallascolonias.com.ar\/?p=16456"},"modified":"2018-06-06T14:46:50","modified_gmt":"2018-06-06T14:46:50","slug":"fcv-capacitacion-sobre-manejo-de-la-maternidad-en-produccion-porcina","status":"publish","type":"post","link":"http:\/\/rurallascolonias.com.ar\/?p=16456","title":{"rendered":"FCV: capacitaci\u00f3n sobre \u201cManejo de la Maternidad\u201d en producci\u00f3n porcina"},"content":{"rendered":"<h3><strong><em><a href=\"http:\/\/rurallascolonias.com.ar\/?attachment_id=16457\" rel=\"attachment wp-att-16457\"><img loading=\"lazy\" class=\"aligncenter size-full wp-image-16457\" src=\"http:\/\/rurallascolonias.com.ar\/wp-content\/uploads\/2018\/06\/Curso-de-Capacitaci\u00f3n-Porcina-750x500-750x500.jpg\" alt=\"\" width=\"750\" height=\"500\" srcset=\"http:\/\/rurallascolonias.com.ar\/wp-content\/uploads\/2018\/06\/Curso-de-Capacitaci\u00f3n-Porcina-750x500-750x500.jpg 750w, http:\/\/rurallascolonias.com.ar\/wp-content\/uploads\/2018\/06\/Curso-de-Capacitaci\u00f3n-Porcina-750x500-750x500-300x200.jpg 300w, http:\/\/rurallascolonias.com.ar\/wp-content\/uploads\/2018\/06\/Curso-de-Capacitaci\u00f3n-Porcina-750x500-750x500-600x400.jpg 600w, http:\/\/rurallascolonias.com.ar\/wp-content\/uploads\/2018\/06\/Curso-de-Capacitaci\u00f3n-Porcina-750x500-750x500-624x416.jpg 624w\" sizes=\"(max-width: 750px) 100vw, 750px\" \/><\/a>Se realizar\u00e1 el martes 12 de junio en la Facultad de Ciencias Veterinarias de la UNL. Est\u00e1 destinado a productores y profesionales. Se trata de una actividad conjunta con la Asociaci\u00f3n de Productores Porcinos de la Provincia de Santa Fe<\/em><\/strong><\/h3>\n<p><!--more--><\/p>\n<p><span class=\"vw-dropcap vw-dropcap-standard\">L<\/span>a actividad se desarrollar\u00e1 el pr\u00f3ximo martes 12 de junio en la Facultad de Ciencias Veterinarias de la UNL.<\/p>\n<p>La jornada est\u00e1 destinada a productores y profesionales y est\u00e1 organizada en forma conjunta entre la UNL y la Asociaci\u00f3n de Productores Porcinos de la Provincia de Santa Fe.<\/p>\n<p>El Temario \u201cManejo de la Maternidad en la producci\u00f3n porcina\u201d, estar\u00e1 a cargo del\u00a0Prof. M.V. Mariano Agosto.<\/p>\n<p>La jornada comenzar\u00e1 a las 9.30 con la recepci\u00f3n entrega de material. Adem\u00e1s a las 10 comenzar\u00e1 el curso de Manejo del preparto.<\/p>\n<p>En tanto a\u00a0desde las 11 y hasta las 12 se har\u00e1 el manejo del parto. A las\u00a014.30 comenzar\u00e1 la charla Manejo del post parto y a las 16.30 se har\u00e1 el cierre de taller y resoluci\u00f3n de problemas.<\/p>\n<p>\u201cLa capacitaci\u00f3n para los productores socios de APPORSAFE es gratuita, para los interesados $ 300. Para mayor informaci\u00f3n dirigirse a mamuller@fcv.unl.edu.ar\u201d, anunciaron desde la FCV de Esperanza.<\/p>\n","protected":false},"excerpt":{"rendered":"<p>Se realizar\u00e1 el martes 12 de junio en la Facultad de Ciencias Veterinarias de la UNL. Est\u00e1 destinado a productores y profesionales. Se trata de una actividad conjunta con la Asociaci\u00f3n de Productores Porcinos de la Provincia de Santa Fe<\/p>\n","protected":false},"author":5,"featured_media":0,"comment_status":"open","ping_status":"open","sticky":false,"template":"","format":"standard","meta":[],"categories":[1],"tags":[],"_links":{"self":[{"href":"http:\/\/rurallascolonias.com.ar\/index.php?rest_route=\/wp\/v2\/posts\/16456"}],"collection":[{"href":"http:\/\/rurallascolonias.com.ar\/index.php?rest_route=\/wp\/v2\/posts"}],"about":[{"href":"http:\/\/rurallascolonias.com.ar\/index.php?rest_route=\/wp\/v2\/types\/post"}],"author":[{"embeddable":true,"href":"http:\/\/rurallascolonias.com.ar\/index.php?rest_route=\/wp\/v2\/users\/5"}],"replies":[{"embeddable":true,"href":"http:\/\/rurallascolonias.com.ar\/index.php?rest_route=%2Fwp%2Fv2%2Fcomments&post=16456"}],"version-history":[{"count":1,"href":"http:\/\/rurallascolonias.com.ar\/index.php?rest_route=\/wp\/v2\/posts\/16456\/revisions"}],"predecessor-version":[{"id":16458,"href":"http:\/\/rurallascolonias.com.ar\/index.php?rest_route=\/wp\/v2\/posts\/16456\/revisions\/16458"}],"wp:attachment":[{"href":"http:\/\/rurallascolonias.com.ar\/index.php?rest_route=%2Fwp%2Fv2%2Fmedia&parent=16456"}],"wp:term":[{"taxonomy":"category","embeddable":true,"href":"http:\/\/rurallascolonias.com.ar\/index.php?rest_route=%2Fwp%2Fv2%2Fcategories&post=16456"},{"taxonomy":"post_tag","embeddable":true,"href":"http:\/\/rurallascolonias.com.ar\/index.php?rest_route=%2Fwp%2Fv2%2Ftags&post=16456"}],"curies":[{"name":"wp","href":"https:\/\/api.w.org\/{rel}","templated":true}]}}