{"id":16426,"date":"2018-05-29T16:26:48","date_gmt":"2018-05-29T16:26:48","guid":{"rendered":"http:\/\/rurallascolonias.com.ar\/?p=16426"},"modified":"2018-05-29T16:26:48","modified_gmt":"2018-05-29T16:26:48","slug":"el-miercoles-volverian-las-lluvias-a-la-region","status":"publish","type":"post","link":"http:\/\/rurallascolonias.com.ar\/?p=16426","title":{"rendered":"El mi\u00e9rcoles volver\u00edan las lluvias a la regi\u00f3n"},"content":{"rendered":"<h3><em><a href=\"http:\/\/rurallascolonias.com.ar\/?attachment_id=15067\" rel=\"attachment wp-att-15067\"><img loading=\"lazy\" class=\"aligncenter size-full wp-image-15067\" src=\"http:\/\/rurallascolonias.com.ar\/wp-content\/uploads\/2017\/08\/lluvias-2.jpg\" alt=\"\" width=\"750\" height=\"500\" srcset=\"http:\/\/rurallascolonias.com.ar\/wp-content\/uploads\/2017\/08\/lluvias-2.jpg 750w, http:\/\/rurallascolonias.com.ar\/wp-content\/uploads\/2017\/08\/lluvias-2-300x200.jpg 300w, http:\/\/rurallascolonias.com.ar\/wp-content\/uploads\/2017\/08\/lluvias-2-600x400.jpg 600w, http:\/\/rurallascolonias.com.ar\/wp-content\/uploads\/2017\/08\/lluvias-2-624x416.jpg 624w\" sizes=\"(max-width: 750px) 100vw, 750px\" \/><\/a>La semana estar\u00e1 caracterizada por presentar nuevamente condiciones de tiempo inestable, con el desarrollo de lluvias y tormentas de variada intensidad, junto a un muy importante descenso de las marcas t\u00e9rmicas<\/em><\/h3>\n<p><!--more--><\/p>\n<p><span class=\"vw-dropcap vw-dropcap-standard\">E<\/span>l resto del d\u00eda de hoy las precipitaciones se mantendr\u00e1n sobre la provincia de Buenos Aires, especialmente en la porci\u00f3n central y norte de la provincia.<\/p>\n<p>Si bien los acumulados esperados ser\u00edan inferiores a los previstos para el lunes, de todas maneras, no se descartan fen\u00f3menos moderados sobre la regi\u00f3n.<\/p>\n<p>El resto del centro y norte del pa\u00eds se mantendr\u00e1 con condiciones de tiempo estable, escasa nubosidad y temperaturas elevadas para la \u00e9poca del a\u00f1o.<\/p>\n<p>Para el mi\u00e9rcoles, el sistema de precipitaciones se presentar\u00e1 m\u00e1s generalizado, abarcando toda la regi\u00f3n pampeana, manteni\u00e9ndose sobre la provincia de Buenos Aires y extendi\u00e9ndose a todo el Litoral argentino, con los n\u00facleos m\u00e1s importantes sobre el norte de Buenos Aires, sur y centro de Santa Fe y sur de Entre R\u00edos.<\/p>\n<p>En tanto el jueves, las lluvias y tormentas ya se desplazar\u00e1n hacia el noreste argentino, permitiendo el avance de una masa de aire fr\u00edo y seco a la porci\u00f3n central del pa\u00eds, lo que llevar\u00e1 condiciones de tiempo estable a toda la regi\u00f3n pampeana, pero moviendo las precipitaciones a la porci\u00f3n del NEA, donde se prev\u00e9n tormentas de moderada a fuerte intensidad.<\/p>\n<p>Adem\u00e1s el viernes sobre la porci\u00f3n central del pa\u00eds se observar\u00e1 el ingreso de aire fr\u00edo.<\/p>\n<p>Por su parte el fin de semana, se espera que ingrese un importante centro de alta presi\u00f3n, que mantendr\u00e1 las condiciones de tiempo estable, con escasa nubosidad, poco contenido de humedad y un nuevo e importante descenso de las marcas t\u00e9rmicas, lo que podr\u00eda generar heladas importantes sobre una significativa porci\u00f3n de la regi\u00f3n pampeana.<\/p>\n<p>Los valores de temperatura m\u00ednima sobre la provincia de Buenos Aires y La Pampa podr\u00edan presentar registros inferiores a 0\u00baC, por lo que las heladas ser\u00edan intensas. En cuanto a las lluvias, se mantendr\u00e1n ausentes pr\u00e1cticamente en todo el territorio nacional.<\/p>\n<p>Fuente: CCA\/SMN\/Newsagrofy.com<\/p>\n","protected":false},"excerpt":{"rendered":"<p>La semana estar\u00e1 caracterizada por presentar nuevamente condiciones de tiempo inestable, con el desarrollo de lluvias y tormentas de variada intensidad, junto a un muy importante descenso de las marcas t\u00e9rmicas<\/p>\n","protected":false},"author":5,"featured_media":0,"comment_status":"open","ping_status":"open","sticky":false,"template":"","format":"standard","meta":[],"categories":[40],"tags":[19],"_links":{"self":[{"href":"http:\/\/rurallascolonias.com.ar\/index.php?rest_route=\/wp\/v2\/posts\/16426"}],"collection":[{"href":"http:\/\/rurallascolonias.com.ar\/index.php?rest_route=\/wp\/v2\/posts"}],"about":[{"href":"http:\/\/rurallascolonias.com.ar\/index.php?rest_route=\/wp\/v2\/types\/post"}],"author":[{"embeddable":true,"href":"http:\/\/rurallascolonias.com.ar\/index.php?rest_route=\/wp\/v2\/users\/5"}],"replies":[{"embeddable":true,"href":"http:\/\/rurallascolonias.com.ar\/index.php?rest_route=%2Fwp%2Fv2%2Fcomments&post=16426"}],"version-history":[{"count":1,"href":"http:\/\/rurallascolonias.com.ar\/index.php?rest_route=\/wp\/v2\/posts\/16426\/revisions"}],"predecessor-version":[{"id":16427,"href":"http:\/\/rurallascolonias.com.ar\/index.php?rest_route=\/wp\/v2\/posts\/16426\/revisions\/16427"}],"wp:attachment":[{"href":"http:\/\/rurallascolonias.com.ar\/index.php?rest_route=%2Fwp%2Fv2%2Fmedia&parent=16426"}],"wp:term":[{"taxonomy":"category","embeddable":true,"href":"http:\/\/rurallascolonias.com.ar\/index.php?rest_route=%2Fwp%2Fv2%2Fcategories&post=16426"},{"taxonomy":"post_tag","embeddable":true,"href":"http:\/\/rurallascolonias.com.ar\/index.php?rest_route=%2Fwp%2Fv2%2Ftags&post=16426"}],"curies":[{"name":"wp","href":"https:\/\/api.w.org\/{rel}","templated":true}]}}