{"id":16355,"date":"2018-05-08T13:29:46","date_gmt":"2018-05-08T13:29:46","guid":{"rendered":"http:\/\/rurallascolonias.com.ar\/?p=16355"},"modified":"2018-05-08T13:29:46","modified_gmt":"2018-05-08T13:29:46","slug":"hoy-la-sociedad-rural-de-las-colonias-cumple-74-anos","status":"publish","type":"post","link":"http:\/\/rurallascolonias.com.ar\/?p=16355","title":{"rendered":"HOY LA SOCIEDAD RURAL DE LAS COLONIAS CUMPLE 74 A\u00d1OS"},"content":{"rendered":"<div><em><strong><a href=\"http:\/\/rurallascolonias.com.ar\/?attachment_id=16356\" rel=\"attachment wp-att-16356\"><img loading=\"lazy\" class=\"aligncenter size-full wp-image-16356\" src=\"http:\/\/rurallascolonias.com.ar\/wp-content\/uploads\/2018\/05\/sociedad-rural-de-las-colonias-3.jpg\" alt=\"\" width=\"275\" height=\"183\" \/><\/a>La Sociedad \u00a0Rural de Las Colonias nace a la luz de la defensa gremial del sector agropecuario el 8 de mayo de 1944 a trav\u00e9s de la inquietud del entonces titular de la Confederaci\u00f3n de Asociaciones Rurales del Centro y Litoral Oeste (CARCLO), Don N\u00e9stor Sambarino, el cual, con sus actitudes y gestos, finalmente logr\u00f3 que en el marco de una reuni\u00f3n realizada en la Municipalidad de Esperanza, el mismo d\u00eda y a\u00f1o citado, se constituyera la primera Comisi\u00f3n Directiva<\/strong><\/em><\/div>\n<p><!--more--><\/p>\n<div><\/div>\n<div>La primera presidencia fue ejercida por Don P\u00edo Jacinto Guala, acompa\u00f1ado por Augusto Weber, como vicepresidente, el Dr. Daniel Alonso Vionnet, como secretario, Seraf\u00edn Mijno, prosecretario, el Dr. Mario Mahieu, tesorero; Norberto E. Schneider, protesorero, y los vocales, Miguel Milesi, Emilio Reutemann, Alfredo Mayor\u00e1z, Nilo Cavallero, Francisco Pautasso, Lu\u00eds Defagot, Victorio Bertero, Eduardo Tsch\u00e1aggeny, Felipe Bauer y Juan Bieler. Su historia comenz\u00f3 a escribirse r\u00e1pidamente de la mano creativa de sus dirigentes, los cuales, comisi\u00f3n tras comisi\u00f3n, abrieron las puertas a nuevos rumbos.<\/div>\n<div>En julio del a\u00f1o 1950 se inauguran las instalaciones ferias sobre la ruta nacional 168 (hoy ruta provincial 70), a unos 7 km al oeste de la ciudad, en un predio de unas 16 hect\u00e1reas. A finales de julio de 2004 se inauguran las nuevas dependencias de la actual sede central, intersecci\u00f3n de las calles 25 de Mayo y Moreno.<\/div>\n<div>El presidente actual de la entidad es el Prof. Marcelo D\u00e1ndolo, quien desde hace mucho tiempo forma parte de la entidad. Y agradece a empleados, miembros de Comisi\u00f3n Directiva, Atene\u00edstas, ex Presidentes, Socios y colaboradores porque la entidad es hoy lo que es gracias a todo este grupo humano.<\/div>\n","protected":false},"excerpt":{"rendered":"<p>La Sociedad \u00a0Rural de Las Colonias nace a la luz de la defensa gremial del sector agropecuario el 8 de mayo de 1944 a trav\u00e9s de la inquietud del entonces titular de la Confederaci\u00f3n de Asociaciones Rurales del Centro y Litoral Oeste (CARCLO), Don N\u00e9stor Sambarino, el cual, con sus actitudes y gestos, finalmente logr\u00f3 [&hellip;]<\/p>\n","protected":false},"author":5,"featured_media":0,"comment_status":"open","ping_status":"open","sticky":false,"template":"","format":"standard","meta":[],"categories":[29],"tags":[627,187],"_links":{"self":[{"href":"http:\/\/rurallascolonias.com.ar\/index.php?rest_route=\/wp\/v2\/posts\/16355"}],"collection":[{"href":"http:\/\/rurallascolonias.com.ar\/index.php?rest_route=\/wp\/v2\/posts"}],"about":[{"href":"http:\/\/rurallascolonias.com.ar\/index.php?rest_route=\/wp\/v2\/types\/post"}],"author":[{"embeddable":true,"href":"http:\/\/rurallascolonias.com.ar\/index.php?rest_route=\/wp\/v2\/users\/5"}],"replies":[{"embeddable":true,"href":"http:\/\/rurallascolonias.com.ar\/index.php?rest_route=%2Fwp%2Fv2%2Fcomments&post=16355"}],"version-history":[{"count":1,"href":"http:\/\/rurallascolonias.com.ar\/index.php?rest_route=\/wp\/v2\/posts\/16355\/revisions"}],"predecessor-version":[{"id":16357,"href":"http:\/\/rurallascolonias.com.ar\/index.php?rest_route=\/wp\/v2\/posts\/16355\/revisions\/16357"}],"wp:attachment":[{"href":"http:\/\/rurallascolonias.com.ar\/index.php?rest_route=%2Fwp%2Fv2%2Fmedia&parent=16355"}],"wp:term":[{"taxonomy":"category","embeddable":true,"href":"http:\/\/rurallascolonias.com.ar\/index.php?rest_route=%2Fwp%2Fv2%2Fcategories&post=16355"},{"taxonomy":"post_tag","embeddable":true,"href":"http:\/\/rurallascolonias.com.ar\/index.php?rest_route=%2Fwp%2Fv2%2Ftags&post=16355"}],"curies":[{"name":"wp","href":"https:\/\/api.w.org\/{rel}","templated":true}]}}