{"id":16348,"date":"2018-05-07T10:19:31","date_gmt":"2018-05-07T10:19:31","guid":{"rendered":"http:\/\/rurallascolonias.com.ar\/?p=16348"},"modified":"2018-05-07T18:22:41","modified_gmt":"2018-05-07T18:22:41","slug":"ateneo-las-colonias-participo-en-la-reunion-de-ateneistas-en-vera","status":"publish","type":"post","link":"http:\/\/rurallascolonias.com.ar\/?p=16348","title":{"rendered":"Ateneo Las Colonias particip\u00f3 en la reuni\u00f3n de atene\u00edstas en Vera"},"content":{"rendered":"<p><strong><em><a href=\"http:\/\/rurallascolonias.com.ar\/?attachment_id=16349\" rel=\"attachment wp-att-16349\"><img loading=\"lazy\" class=\"aligncenter size-full wp-image-16349\" src=\"http:\/\/rurallascolonias.com.ar\/wp-content\/uploads\/2018\/05\/ateneo-en-vera.jpg\" alt=\"\" width=\"1024\" height=\"602\" srcset=\"http:\/\/rurallascolonias.com.ar\/wp-content\/uploads\/2018\/05\/ateneo-en-vera.jpg 1024w, http:\/\/rurallascolonias.com.ar\/wp-content\/uploads\/2018\/05\/ateneo-en-vera-300x176.jpg 300w, http:\/\/rurallascolonias.com.ar\/wp-content\/uploads\/2018\/05\/ateneo-en-vera-768x452.jpg 768w, http:\/\/rurallascolonias.com.ar\/wp-content\/uploads\/2018\/05\/ateneo-en-vera-600x353.jpg 600w, http:\/\/rurallascolonias.com.ar\/wp-content\/uploads\/2018\/05\/ateneo-en-vera-624x367.jpg 624w\" sizes=\"(max-width: 1024px) 100vw, 1024px\" \/><\/a>Las deliberaciones se desarrollaron durante el fin de semana en el nuevo Sal\u00f3n de usos m\u00faltiples de la Sociedad Rural local. Apuntan a la formaci\u00f3n de los dirigentes del futuro<\/em><\/strong><!--more--><\/p>\n<p>El acto inaugural cont\u00f3 con la presencia del intendente Reynaldo Fabbroni, el presidente de la Sociedad Rural de Vera, Eduardo Moral, el Vicepresidente de CARSFE, Mario Saliva, el presidente del Ateneo de la SRV, Eduardo Thomas, el presidente de los Ateneos Carsfe, Xavier Varisco y representantes de ateneos de la regi\u00f3n.<br \/>\nEn su discurso inaugural, el intendente Fabbroni destac\u00f3 que \u201cel campo es el pilar fundamental de la producci\u00f3n nacional, por lo tanto, cada uno, desde nuestra zona debemos aportar nuestro grano de arena para empujar esto, capacit\u00e1ndose, aprendiendo, esto es lo principal\u201d.<br \/>\nPara el presidente de la Sociedad Rural de Vera, Eduardo Moral \u201ces importante el terreno que han venido ganando los j\u00f3venes en el accionar institucional y eso nos hace ver el futuro con marcado optimismo\u201d, al tiempo que felicit\u00f3 a los integrantes del Ateneo verense por la excelente organizaci\u00f3n del evento.<\/p>\n<p>&nbsp;<\/p>\n<p><strong>Formando l\u00edderes<\/strong><\/p>\n<p>&nbsp;<\/p>\n<p>Eduardo Thomas se mostr\u00f3 muy satisfecho por la calidad de los expositores que contribuyeron a debatir temas como \u201cDatos introductorios de la realidad de los sistemas ganaderos en el departamento Vera\u201d; \u201cAn\u00e1lisis de la campa\u00f1a ganadera\u201d, a cargo del grupo CREA del norte santefesino; \u201cAspectos sanitarios de la provincia de Santa Fe y Manejo de Bosques Nativos\u201d y \u201cSituaci\u00f3n gremial y productiva de la provincia de Santa Fe\u201d, entre otros.<br \/>\nSin duda que, a trav\u00e9s de estos encuentros, los j\u00f3venes se capacitan y predisponen para tomar la posta en la conducci\u00f3n de las entidades que potencian y defienden la actividad agropecuaria.<\/p>\n<p>&nbsp;<\/p>\n<p>&nbsp;<\/p>\n","protected":false},"excerpt":{"rendered":"<p>Las deliberaciones se desarrollaron durante el fin de semana en el nuevo Sal\u00f3n de usos m\u00faltiples de la Sociedad Rural local. Apuntan a la formaci\u00f3n de los dirigentes del futuro<\/p>\n","protected":false},"author":5,"featured_media":0,"comment_status":"open","ping_status":"open","sticky":false,"template":"","format":"standard","meta":[],"categories":[2306],"tags":[4097,74,4096],"_links":{"self":[{"href":"http:\/\/rurallascolonias.com.ar\/index.php?rest_route=\/wp\/v2\/posts\/16348"}],"collection":[{"href":"http:\/\/rurallascolonias.com.ar\/index.php?rest_route=\/wp\/v2\/posts"}],"about":[{"href":"http:\/\/rurallascolonias.com.ar\/index.php?rest_route=\/wp\/v2\/types\/post"}],"author":[{"embeddable":true,"href":"http:\/\/rurallascolonias.com.ar\/index.php?rest_route=\/wp\/v2\/users\/5"}],"replies":[{"embeddable":true,"href":"http:\/\/rurallascolonias.com.ar\/index.php?rest_route=%2Fwp%2Fv2%2Fcomments&post=16348"}],"version-history":[{"count":1,"href":"http:\/\/rurallascolonias.com.ar\/index.php?rest_route=\/wp\/v2\/posts\/16348\/revisions"}],"predecessor-version":[{"id":16350,"href":"http:\/\/rurallascolonias.com.ar\/index.php?rest_route=\/wp\/v2\/posts\/16348\/revisions\/16350"}],"wp:attachment":[{"href":"http:\/\/rurallascolonias.com.ar\/index.php?rest_route=%2Fwp%2Fv2%2Fmedia&parent=16348"}],"wp:term":[{"taxonomy":"category","embeddable":true,"href":"http:\/\/rurallascolonias.com.ar\/index.php?rest_route=%2Fwp%2Fv2%2Fcategories&post=16348"},{"taxonomy":"post_tag","embeddable":true,"href":"http:\/\/rurallascolonias.com.ar\/index.php?rest_route=%2Fwp%2Fv2%2Ftags&post=16348"}],"curies":[{"name":"wp","href":"https:\/\/api.w.org\/{rel}","templated":true}]}}