{"id":16343,"date":"2018-05-04T18:33:14","date_gmt":"2018-05-04T18:33:14","guid":{"rendered":"http:\/\/rurallascolonias.com.ar\/?p=16343"},"modified":"2018-05-04T18:33:14","modified_gmt":"2018-05-04T18:33:14","slug":"a-partir-del-lunes-07-fundacion-las-colonias-cambia-su-horario-de-atencion-al-publico","status":"publish","type":"post","link":"http:\/\/rurallascolonias.com.ar\/?p=16343","title":{"rendered":"A PARTIR DEL LUNES 07 FUNDACI\u00d3N LAS COLONIAS CAMBIA SU HORARIO DE ATENCI\u00d3N AL P\u00daBLICO"},"content":{"rendered":"<p><em><b><a href=\"http:\/\/rurallascolonias.com.ar\/?attachment_id=16118\" rel=\"attachment wp-att-16118\"><img loading=\"lazy\" class=\"aligncenter size-full wp-image-16118\" src=\"http:\/\/rurallascolonias.com.ar\/wp-content\/uploads\/2018\/03\/logo.jpg\" alt=\"\" width=\"112\" height=\"125\" \/><\/a>La Sociedad Rural de Las Colonias comunica que a partir del pr\u00f3ximo lunes 07 de Mayo el horario del personal administrativo de Fundaci\u00f3n Las Colonias atender\u00e1 al p\u00fablico de 7 a 15 hs unific\u00e1ndose\u00a0de ese modo el horario con el de Sociedad Rural y Senasa.<\/b><\/em><\/p>\n<p>Sociedad Rural de Las Colonias<\/p>\n<p>&nbsp;<\/p>\n","protected":false},"excerpt":{"rendered":"<p>La Sociedad Rural de Las Colonias comunica que a partir del pr\u00f3ximo lunes 07 de Mayo el horario del personal administrativo de Fundaci\u00f3n Las Colonias atender\u00e1 al p\u00fablico de 7 a 15 hs unific\u00e1ndose\u00a0de ese modo el horario con el de Sociedad Rural y Senasa. Sociedad Rural de Las Colonias &nbsp;<\/p>\n","protected":false},"author":5,"featured_media":0,"comment_status":"open","ping_status":"open","sticky":false,"template":"","format":"standard","meta":[],"categories":[1],"tags":[],"_links":{"self":[{"href":"http:\/\/rurallascolonias.com.ar\/index.php?rest_route=\/wp\/v2\/posts\/16343"}],"collection":[{"href":"http:\/\/rurallascolonias.com.ar\/index.php?rest_route=\/wp\/v2\/posts"}],"about":[{"href":"http:\/\/rurallascolonias.com.ar\/index.php?rest_route=\/wp\/v2\/types\/post"}],"author":[{"embeddable":true,"href":"http:\/\/rurallascolonias.com.ar\/index.php?rest_route=\/wp\/v2\/users\/5"}],"replies":[{"embeddable":true,"href":"http:\/\/rurallascolonias.com.ar\/index.php?rest_route=%2Fwp%2Fv2%2Fcomments&post=16343"}],"version-history":[{"count":1,"href":"http:\/\/rurallascolonias.com.ar\/index.php?rest_route=\/wp\/v2\/posts\/16343\/revisions"}],"predecessor-version":[{"id":16344,"href":"http:\/\/rurallascolonias.com.ar\/index.php?rest_route=\/wp\/v2\/posts\/16343\/revisions\/16344"}],"wp:attachment":[{"href":"http:\/\/rurallascolonias.com.ar\/index.php?rest_route=%2Fwp%2Fv2%2Fmedia&parent=16343"}],"wp:term":[{"taxonomy":"category","embeddable":true,"href":"http:\/\/rurallascolonias.com.ar\/index.php?rest_route=%2Fwp%2Fv2%2Fcategories&post=16343"},{"taxonomy":"post_tag","embeddable":true,"href":"http:\/\/rurallascolonias.com.ar\/index.php?rest_route=%2Fwp%2Fv2%2Ftags&post=16343"}],"curies":[{"name":"wp","href":"https:\/\/api.w.org\/{rel}","templated":true}]}}