{"id":16333,"date":"2018-05-02T18:35:36","date_gmt":"2018-05-02T18:35:36","guid":{"rendered":"http:\/\/rurallascolonias.com.ar\/?p=16333"},"modified":"2018-05-02T18:35:36","modified_gmt":"2018-05-02T18:35:36","slug":"etchevehere-no-tenemos-pensado-acelerar-la-reduccion-de-las-retenciones-en-soja","status":"publish","type":"post","link":"http:\/\/rurallascolonias.com.ar\/?p=16333","title":{"rendered":"Etchevehere: \u201cNo tenemos pensado acelerar la reducci\u00f3n de las retenciones en soja\u201d"},"content":{"rendered":"<h3><em><a href=\"http:\/\/rurallascolonias.com.ar\/?attachment_id=16334\" rel=\"attachment wp-att-16334\"><img loading=\"lazy\" class=\"aligncenter size-full wp-image-16334\" src=\"http:\/\/rurallascolonias.com.ar\/wp-content\/uploads\/2018\/05\/soja-retenciones-750x500.jpg\" alt=\"\" width=\"750\" height=\"500\" srcset=\"http:\/\/rurallascolonias.com.ar\/wp-content\/uploads\/2018\/05\/soja-retenciones-750x500.jpg 750w, http:\/\/rurallascolonias.com.ar\/wp-content\/uploads\/2018\/05\/soja-retenciones-750x500-300x200.jpg 300w, http:\/\/rurallascolonias.com.ar\/wp-content\/uploads\/2018\/05\/soja-retenciones-750x500-600x400.jpg 600w, http:\/\/rurallascolonias.com.ar\/wp-content\/uploads\/2018\/05\/soja-retenciones-750x500-624x416.jpg 624w\" sizes=\"(max-width: 750px) 100vw, 750px\" \/><\/a>El ministro de Agroindustria, Luis Miguel Etchevehere , descart\u00f3 acelerar la rebaja de las retenciones a la soja, como pidieron la Sociedad Rural Argentina (SRA) y la Federaci\u00f3n Agraria Argentina (FAA)<\/em><\/h3>\n<p><!--more--><\/p>\n<p><span class=\"vw-dropcap vw-dropcap-standard\">\u201cE<\/span>l Gobierno est\u00e1 cumpliendo su promesa, bajando todos los meses un 0,5% (las retenciones)\u201d, se\u00f1al\u00f3 Etchevehere. Desde enero pasado, los derechos de exportaci\u00f3n en el cultivo se reducen en ese nivel.<\/p>\n<p>&nbsp;<\/p>\n<p>Consultado sobre el planteo por la baja de las retenciones, Etchevehere fue categ\u00f3rico: \u201cNo tenemos pensado acelerar el cronograma de reducci\u00f3n\u201d.<\/p>\n<p>Por la sequ\u00eda, el presidente de la Rural, Daniel Pelegrina, reclam\u00f3 acelerar la baja de las retenciones. Consider\u00f3 que una medida as\u00ed permitir\u00eda obtener mejores ingresos a los productores afectados por el fen\u00f3meno clim\u00e1tico. Recientemente, FAA tambi\u00e9n pidi\u00f3 eliminar las retenciones.<\/p>\n<p>En el programa, Etchevehere tambi\u00e9n se refiri\u00f3 a la emergencia agropecuaria por sequ\u00eda. \u201cTodos aquellos productores que obtengan el certificado de emergencia pueden obtener cr\u00e9ditos con diez puntos de bonificaci\u00f3n. Por un lado, afrontan las p\u00e9rdidas que podr\u00edan haber tenido por los efectos de a sequ\u00eda y por el otro lado obtienen capital de trabajo para la siembra\u201d, dijo.<\/p>\n<p>La semana pasada, el presidente de Federaci\u00f3n Agraria Argentina (FAA), Omar Pr\u00edncipe. En el programa, Pr\u00edncipe alert\u00f3 que los productores est\u00e1n afrontando \u201cuna situaci\u00f3n muy compleja\u201d por los efectos de la \u00faltima sequ\u00eda y, adem\u00e1s, por la p\u00e9rdida de rentabilidad.<\/p>\n<p>Adem\u00e1s, se\u00f1al\u00f3: \u201cLa emergencia del productor no es solo clim\u00e1tica, sino financiera y productiva; si no tenemos herramientas no vamos a poder sembrar\u201d. Luego de las \u00faltimas reuniones en que la entidad estuvo con el Gobierno, seg\u00fan Pr\u00edncipe \u201cno hay respuestas con la urgencia que necesita el productor\u201d. Al respecto, remarc\u00f3: \u201cEl Estado est\u00e1 dejando muy solo al productor agropecuario\u201d.<\/p>\n<p>Consultado sobre esas declaraciones, Etchevehere afirm\u00f3: \u201cOjal\u00e1 fuera un poquito m\u00e1s espec\u00edfico porque Omar [Pr\u00edncipe] y la Federaci\u00f3n Agraria Agraria pidieron una audiencia en calidad de urgente con el jefe de gabinete que la tuvo a los tres d\u00edas de haberla pedido. En esa reuni\u00f3n estaba el jefe de Gabinete, Marcos Pe\u00f1a, el presidente del Banco Naci\u00f3n [Javier Gonz\u00e1lez Fraga], el administrador general de la AFIP, Leandro Cuccioli, y yo, y nos pusimos a disposici\u00f3n\u201d. Agreg\u00f3 que est\u00e1n trabajando con 32 mesas de competitividad donde hay reuniones con todos los eslabones del sector incluidos los productores m\u00e1s peque\u00f1os de todas las actividades.<\/p>\n<p>Sobre los despidos en el Ministerio de Agroindustria , Etchevehere, que hab\u00eda justificado la desvinculaci\u00f3n de 330 empleados y culpado al kirchnerismo por el incremento de la dotaci\u00f3n de personal en la cartera que, seg\u00fan dijo, pas\u00f3 de 606 a 4200 entre 2008 y 2015, volvi\u00f3 a referirse a este tema.<\/p>\n<p>\u201cEstamos cumpliendo la ley\u201d, dijo. \u201cNosotros tenemos que tener mucha transparencia y mucha responsabilidad a la hora de administrar los recursos que nos dan los contribuyentes\u201d. No neg\u00f3 m\u00e1s despidos, pero aclar\u00f3: \u201cNo creo que con esta cantidad y en esta intensidad que hubo en este momento, pero permanentemente durante el a\u00f1o se van a revisar procesos\u201d.<\/p>\n<p>Consultado sobre la posibilidad de una candidatura a gobernador de Entre R\u00edos, Etchevehere contest\u00f3: \u201cFalta rato, estamos en abril. Estoy concentrado en lo que estoy haciendo\u201d. A\u00f1adi\u00f3: \u201cNunca se sabe, pero estoy concentrado en esto\u201d.<\/p>\n<p>Fuente: LN+<\/p>\n","protected":false},"excerpt":{"rendered":"<p>El ministro de Agroindustria, Luis Miguel Etchevehere , descart\u00f3 acelerar la rebaja de las retenciones a la soja, como pidieron la Sociedad Rural Argentina (SRA) y la Federaci\u00f3n Agraria Argentina (FAA)<\/p>\n","protected":false},"author":5,"featured_media":0,"comment_status":"open","ping_status":"open","sticky":false,"template":"","format":"standard","meta":[],"categories":[1],"tags":[],"_links":{"self":[{"href":"http:\/\/rurallascolonias.com.ar\/index.php?rest_route=\/wp\/v2\/posts\/16333"}],"collection":[{"href":"http:\/\/rurallascolonias.com.ar\/index.php?rest_route=\/wp\/v2\/posts"}],"about":[{"href":"http:\/\/rurallascolonias.com.ar\/index.php?rest_route=\/wp\/v2\/types\/post"}],"author":[{"embeddable":true,"href":"http:\/\/rurallascolonias.com.ar\/index.php?rest_route=\/wp\/v2\/users\/5"}],"replies":[{"embeddable":true,"href":"http:\/\/rurallascolonias.com.ar\/index.php?rest_route=%2Fwp%2Fv2%2Fcomments&post=16333"}],"version-history":[{"count":1,"href":"http:\/\/rurallascolonias.com.ar\/index.php?rest_route=\/wp\/v2\/posts\/16333\/revisions"}],"predecessor-version":[{"id":16335,"href":"http:\/\/rurallascolonias.com.ar\/index.php?rest_route=\/wp\/v2\/posts\/16333\/revisions\/16335"}],"wp:attachment":[{"href":"http:\/\/rurallascolonias.com.ar\/index.php?rest_route=%2Fwp%2Fv2%2Fmedia&parent=16333"}],"wp:term":[{"taxonomy":"category","embeddable":true,"href":"http:\/\/rurallascolonias.com.ar\/index.php?rest_route=%2Fwp%2Fv2%2Fcategories&post=16333"},{"taxonomy":"post_tag","embeddable":true,"href":"http:\/\/rurallascolonias.com.ar\/index.php?rest_route=%2Fwp%2Fv2%2Ftags&post=16333"}],"curies":[{"name":"wp","href":"https:\/\/api.w.org\/{rel}","templated":true}]}}