{"id":16276,"date":"2018-04-11T14:15:43","date_gmt":"2018-04-11T14:15:43","guid":{"rendered":"http:\/\/rurallascolonias.com.ar\/?p=16276"},"modified":"2018-04-11T14:15:43","modified_gmt":"2018-04-11T14:15:43","slug":"ciciliani-recibe-a-senadores-por-el-fondo-nacional-para-tamberos","status":"publish","type":"post","link":"http:\/\/rurallascolonias.com.ar\/?p=16276","title":{"rendered":"Ciciliani recibe a senadores por el fondo nacional para tamberos"},"content":{"rendered":"<h3><em><a href=\"http:\/\/rurallascolonias.com.ar\/?attachment_id=16277\" rel=\"attachment wp-att-16277\"><img loading=\"lazy\" class=\"aligncenter size-full wp-image-16277\" src=\"http:\/\/rurallascolonias.com.ar\/wp-content\/uploads\/2018\/04\/ciciliani-750x500.jpg\" alt=\"\" width=\"750\" height=\"500\" srcset=\"http:\/\/rurallascolonias.com.ar\/wp-content\/uploads\/2018\/04\/ciciliani-750x500.jpg 750w, http:\/\/rurallascolonias.com.ar\/wp-content\/uploads\/2018\/04\/ciciliani-750x500-300x200.jpg 300w, http:\/\/rurallascolonias.com.ar\/wp-content\/uploads\/2018\/04\/ciciliani-750x500-600x400.jpg 600w, http:\/\/rurallascolonias.com.ar\/wp-content\/uploads\/2018\/04\/ciciliani-750x500-624x416.jpg 624w\" sizes=\"(max-width: 750px) 100vw, 750px\" \/><\/a>El encuentro se llevar\u00e1 a cabo este mi\u00e9rcoles a partir de las 14 horas en la C\u00e1mara de Senadores de la provincia. De la actividad participar\u00e1 adem\u00e1s el Vicegobernador Carlos Fascendini.\u00a0El eje del encuentro estar\u00e1 referido al fondo nacional para productores l\u00e1cteos<\/em><\/h3>\n<p><!--more--><\/p>\n<p><span class=\"vw-dropcap vw-dropcap-standard\">E<\/span>ste mi\u00e9rcoles a partir de las 14 horas, se desarrollar\u00e1 una importante reuni\u00f3n en la C\u00e1mara de Senadores de la provincia. All\u00ed la Ministra de Producci\u00f3n de la Provincia, Alicia Ciciliani, participar\u00e1 del encuentro con senadores provinciales, y el Vicegobernador, Carlos Fascendini.<\/p>\n<p>El eje tem\u00e1tico central de la\u00a0reuni\u00f3n estar\u00e1 referido al fondo nacional para productores l\u00e1cteos de Santa Fe, que fueron afectos por la inundaci\u00f3n de los dos \u00faltimos a\u00f1os.<\/p>\n<p>Vale destacar que en marzo pasado el gobierno nacional gir\u00f3 al Tesoro provincial la segunda partida de 50 millones de pesos, de las cinco comprometidas, para apoyar al sector tambero, gravemente da\u00f1ado por la crisis h\u00eddrica de comienzo del a\u00f1o pasado.<\/p>\n<p>La primera partida hab\u00eda sido enviada en diciembre \u00faltimo y el gobierno provincial elev\u00f3 el 6 de enero los comprobantes respectivos de los giros efectuados a los productores.<\/p>\n<p>La llegada de la segunda partida del gobierno nacional se produce a un a\u00f1o exacto en que la Legislatura sancionara la ley creando el Fondo de Inversi\u00f3n y Desarrollo que tiene por objetivo \u201capoyar el desarrollo productivo provincial mediante el otorgamiento de pr\u00e9stamos y\/o asistencia financiera a productores y\/o peque\u00f1as y medianas empresas radicadas en la provincia de Santa Fe\u201d.<\/p>\n<p>El Fondo inicialmente se integr\u00f3 con 150 millones aportados por el Tesoro provincial y el cr\u00e9dito a gestionar ante la Naci\u00f3n de 250 millones de pesos de los cuales 150 millones como m\u00ednimo, ser\u00e1n destinados a apoyar al sector lechero.<\/p>\n<p>La Legislatura santafesina reclam\u00f3 a Naci\u00f3n en diversas oportunidades el \u00faltimo a\u00f1o el env\u00edo de la partida que debe ser destinado a cr\u00e9ditos a tasa cero para los tamberos afectados por cat\u00e1strofe clim\u00e1tica.<\/p>\n<p>El Fondo de Inversi\u00f3n y Desarrollo fue puesto en marcha el 14 de marzo pasado con los 150 millones aportados por la provincia que luego hizo otro aporte de cien millones ante los pedidos de tamberos. Naci\u00f3n gir\u00f3 50 millones en diciembre y ayer hizo el segundo aporte.<\/p>\n<p>Fuente: Cronista Las Colonias<\/p>\n","protected":false},"excerpt":{"rendered":"<p>El encuentro se llevar\u00e1 a cabo este mi\u00e9rcoles a partir de las 14 horas en la C\u00e1mara de Senadores de la provincia. De la actividad participar\u00e1 adem\u00e1s el Vicegobernador Carlos Fascendini.\u00a0El eje del encuentro estar\u00e1 referido al fondo nacional para productores l\u00e1cteos<\/p>\n","protected":false},"author":5,"featured_media":0,"comment_status":"open","ping_status":"open","sticky":false,"template":"","format":"standard","meta":[],"categories":[33,1393],"tags":[4060,4085,2972,227],"_links":{"self":[{"href":"http:\/\/rurallascolonias.com.ar\/index.php?rest_route=\/wp\/v2\/posts\/16276"}],"collection":[{"href":"http:\/\/rurallascolonias.com.ar\/index.php?rest_route=\/wp\/v2\/posts"}],"about":[{"href":"http:\/\/rurallascolonias.com.ar\/index.php?rest_route=\/wp\/v2\/types\/post"}],"author":[{"embeddable":true,"href":"http:\/\/rurallascolonias.com.ar\/index.php?rest_route=\/wp\/v2\/users\/5"}],"replies":[{"embeddable":true,"href":"http:\/\/rurallascolonias.com.ar\/index.php?rest_route=%2Fwp%2Fv2%2Fcomments&post=16276"}],"version-history":[{"count":1,"href":"http:\/\/rurallascolonias.com.ar\/index.php?rest_route=\/wp\/v2\/posts\/16276\/revisions"}],"predecessor-version":[{"id":16278,"href":"http:\/\/rurallascolonias.com.ar\/index.php?rest_route=\/wp\/v2\/posts\/16276\/revisions\/16278"}],"wp:attachment":[{"href":"http:\/\/rurallascolonias.com.ar\/index.php?rest_route=%2Fwp%2Fv2%2Fmedia&parent=16276"}],"wp:term":[{"taxonomy":"category","embeddable":true,"href":"http:\/\/rurallascolonias.com.ar\/index.php?rest_route=%2Fwp%2Fv2%2Fcategories&post=16276"},{"taxonomy":"post_tag","embeddable":true,"href":"http:\/\/rurallascolonias.com.ar\/index.php?rest_route=%2Fwp%2Fv2%2Ftags&post=16276"}],"curies":[{"name":"wp","href":"https:\/\/api.w.org\/{rel}","templated":true}]}}