{"id":16256,"date":"2018-04-07T14:29:10","date_gmt":"2018-04-07T14:29:10","guid":{"rendered":"http:\/\/rurallascolonias.com.ar\/?p=16256"},"modified":"2018-04-07T14:29:10","modified_gmt":"2018-04-07T14:29:10","slug":"emergencia-climatica-consignataria-lactea-canal-vila-cululu-vidriera-genetica","status":"publish","type":"post","link":"http:\/\/rurallascolonias.com.ar\/?p=16256","title":{"rendered":"EMERGENCIA CLIM\u00c1TICA, CONSIGNATARIA L\u00c1CTEA, CANAL VILA CULULU, VIDRIERA GEN\u00c9TICA"},"content":{"rendered":"<p><strong><em><a href=\"http:\/\/rurallascolonias.com.ar\/?attachment_id=699\" rel=\"attachment wp-att-699\"><img loading=\"lazy\" class=\"aligncenter size-full wp-image-699\" src=\"http:\/\/rurallascolonias.com.ar\/wp-content\/uploads\/2013\/12\/campo-y-sequ\u00eda.jpg\" alt=\"\" width=\"259\" height=\"194\" \/><\/a>El Presidente de la Sociedad Rural de Las Colonias, Marcelo D\u00e1ndolo, hizo un recorrido por los diferentes temas que hoy competen a los productores, principalmente con relaci\u00f3n al de la Emergencia H\u00eddrica donde oportunamente vuelve a decir que \u201clos tiempos de los pol\u00edticos no son los tiempos de los productores\u201d y si bien la Declaraci\u00f3n sali\u00f3 hace d\u00edas atr\u00e1s, las tasas subsidiadas que se ofrece por parte de la Naci\u00f3n no son suficiente \u201cy en realidad si uno piensa, por un lado la cat\u00e1strofe que tuvimos en 2016 y ahora la sequ\u00eda y que en este lapso de tiempo fue todo a espaldas del productor con una muy poca ayuda financiera por parte de la Naci\u00f3n o de la Provincia, evidentemente es muy complejo para el productor seguir en estas circunstancias es por eso que han quedado muchos productores en el camino\u201d, se lamenta D\u00e1ndolo<\/em><\/strong><!--more--><\/p>\n<p>Con relaci\u00f3n a los cierres de tambos en la zona el Presidente de la Rural afirma que \u201cUn productor que cierra un tambo no es que lo cierra para dedicarse a la Agricultura; son casos espor\u00e1dicos. En todo caso, es un productor que se cans\u00f3, porque, m\u00e1s all\u00e1 de que hay un problema financiero hay un problema de agotamiento porque no aparecen herramientas que sean motivadoras a corto plazo y proyectados a un largo plazo y esas tierras son absorbidas por otros sistemas productivos que a lo mejor han tenido, de alguna manera, una mejor espalda para aguantar estas situaciones adversas que se han producido\u201d. Reconoce que ha habido un gran achicamiento en cantidad de productores, tanto en la Argentina como en el mundo, \u201cpero una cosa es decidir cu\u00e1ndo salir y otra muy distinta que el sistema te saque de juego\u201d.<\/p>\n<p>Al consultarle acerca de la falta de obras e infraestructuras que le den igualdad de oportunidades al productor, D\u00e1ndolo ejemplifica la situaci\u00f3n como una guerra. \u201cNo quiero ser extremista pero creo que en el sistema productivo argentino y en el del tambo puntualmente es como cuando est\u00e1n saliendo de una guerra, donde se destruy\u00f3 todo y que lo \u00fanico que se fueron haciendo son peque\u00f1os parches que trajeron soluciones a corto plazo, plazo que cuando pasaba el problema era m\u00e1s grande a\u00fan. Entonces, hoy nos encontramos con un problema tremendo donde no hay infraestructura, no hay financiamiento y lo que es peor: cada vez van quedando menos protagonistas, productores queriendo ser parte de un proceso productivo l\u00e1cteo.\u201d M\u00e1s all\u00e1 de eso, reconoce que \u00a0a nivel nacional se est\u00e1 trabajando, con reuniones cada 60 d\u00edas con el Presidente de la Naci\u00f3n donde se est\u00e1 estudiando lo que es el eslab\u00f3n l\u00e1cteo con las dificultades que tiene desde hace tantos a\u00f1os, \u201cpero viene todo lento y con las cuestiones clim\u00e1ticas\u00a0 que complica la situaci\u00f3n lamentablemente cada vez m\u00e1s productores van saliendo de la actividad\u201d agrega.<\/p>\n<p>CONSIGNATARIA L\u00c1CTEA \u201cEn estos momentos estamos en etapa de an\u00e1lisis porque en un principio hab\u00edamos pensado hacer un Consorcio de colaboraci\u00f3n empresarial pero nunca se termina de aprender en este sentido y por sugerencia de expertos que est\u00e1n en temas comerciales, no s\u00f3lo a nivel nacional sino tambi\u00e9n internacional, nos sugirieron que vayamos a otra figura que es la que estamos estudiando actualmente.\u201d Y explica\u201dCon todos los avatares que hubo en cuestiones comerciales no pudimos avanzar porque en principio lo que nosotros ten\u00edamos pensado hacer entre las industrias, lo armaron de tal manera que lo pudieron hacer ellos, es decir, \u00a0las industrias chicas pasaron a ser consignatarias de las industrias grandes. Entonces, tenemos que rever c\u00f3mo llevar adelante esto\u201d, tema que se va a presentar en la mesa de discusi\u00f3n con el Presidente de la Naci\u00f3n para explicarlo hacia d\u00f3nde se quiere llegar con este tema.<\/p>\n<p>SITUACI\u00d3N DEL CANAL VILA CULULU Los productores de Las Colonias en varias oportunidades han manifestado su preocupaci\u00f3n por ser los receptores o porque podr\u00edan recibir \u00a0mucho m\u00e1s r\u00e1pido toda el agua del oeste santafesino. Con relaci\u00f3n a este tema el Presidente de la entidad asegur\u00f3 que, de acuerdo a las reuniones que el a\u00f1o pasado han mantenido con los responsables de la obra, eso no suceder\u00e1. \u201cNosotros esperamos que quienes tomen las decisiones de hacer esta obra, que entendemos son los conocedores en la materia y por ende est\u00e1n preparados para tal fin, tengan la responsabilidad de que realmente esta obra sea un beneficio y no un perjuicio\u201d.<\/p>\n<p>VIDRIERA GEN\u00c9TICA: CUENTA REGRESIVA \u00a0D\u00e1ndolo\u00a0 cuenta que es el evento m\u00e1s importante del a\u00f1o para la Sociedad Rural y para todos los productores que siempre participan asistiendo y tendr\u00e1 lugar en el Predio Rural de Ruta 70 el pr\u00f3ximo el 20 de abril y cuya tem\u00e1tica ser\u00e1 sobre \u201cel tambo hoy y hacia el \u00a0futuro.\u201d<\/p>\n<p>&nbsp;<\/p>\n","protected":false},"excerpt":{"rendered":"<p>El Presidente de la Sociedad Rural de Las Colonias, Marcelo D\u00e1ndolo, hizo un recorrido por los diferentes temas que hoy competen a los productores, principalmente con relaci\u00f3n al de la Emergencia H\u00eddrica donde oportunamente vuelve a decir que \u201clos tiempos de los pol\u00edticos no son los tiempos de los productores\u201d y si bien la Declaraci\u00f3n [&hellip;]<\/p>\n","protected":false},"author":5,"featured_media":0,"comment_status":"open","ping_status":"open","sticky":false,"template":"","format":"standard","meta":[],"categories":[42],"tags":[4081,4080,4079,857],"_links":{"self":[{"href":"http:\/\/rurallascolonias.com.ar\/index.php?rest_route=\/wp\/v2\/posts\/16256"}],"collection":[{"href":"http:\/\/rurallascolonias.com.ar\/index.php?rest_route=\/wp\/v2\/posts"}],"about":[{"href":"http:\/\/rurallascolonias.com.ar\/index.php?rest_route=\/wp\/v2\/types\/post"}],"author":[{"embeddable":true,"href":"http:\/\/rurallascolonias.com.ar\/index.php?rest_route=\/wp\/v2\/users\/5"}],"replies":[{"embeddable":true,"href":"http:\/\/rurallascolonias.com.ar\/index.php?rest_route=%2Fwp%2Fv2%2Fcomments&post=16256"}],"version-history":[{"count":1,"href":"http:\/\/rurallascolonias.com.ar\/index.php?rest_route=\/wp\/v2\/posts\/16256\/revisions"}],"predecessor-version":[{"id":16257,"href":"http:\/\/rurallascolonias.com.ar\/index.php?rest_route=\/wp\/v2\/posts\/16256\/revisions\/16257"}],"wp:attachment":[{"href":"http:\/\/rurallascolonias.com.ar\/index.php?rest_route=%2Fwp%2Fv2%2Fmedia&parent=16256"}],"wp:term":[{"taxonomy":"category","embeddable":true,"href":"http:\/\/rurallascolonias.com.ar\/index.php?rest_route=%2Fwp%2Fv2%2Fcategories&post=16256"},{"taxonomy":"post_tag","embeddable":true,"href":"http:\/\/rurallascolonias.com.ar\/index.php?rest_route=%2Fwp%2Fv2%2Ftags&post=16256"}],"curies":[{"name":"wp","href":"https:\/\/api.w.org\/{rel}","templated":true}]}}