{"id":16231,"date":"2018-03-26T18:21:22","date_gmt":"2018-03-26T18:21:22","guid":{"rendered":"http:\/\/rurallascolonias.com.ar\/?p=16231"},"modified":"2018-03-26T18:21:22","modified_gmt":"2018-03-26T18:21:22","slug":"reclaman-que-se-declare-la-emergencia-en-la-provincia","status":"publish","type":"post","link":"http:\/\/rurallascolonias.com.ar\/?p=16231","title":{"rendered":"Reclaman que se declare la Emergencia en la provincia"},"content":{"rendered":"<p><em><strong><a href=\"http:\/\/rurallascolonias.com.ar\/?attachment_id=16232\" rel=\"attachment wp-att-16232\"><img loading=\"lazy\" class=\"aligncenter size-full wp-image-16232\" src=\"http:\/\/rurallascolonias.com.ar\/wp-content\/uploads\/2018\/03\/sequiaa.jpg\" alt=\"\" width=\"1024\" height=\"600\" srcset=\"http:\/\/rurallascolonias.com.ar\/wp-content\/uploads\/2018\/03\/sequiaa.jpg 1024w, http:\/\/rurallascolonias.com.ar\/wp-content\/uploads\/2018\/03\/sequiaa-300x176.jpg 300w, http:\/\/rurallascolonias.com.ar\/wp-content\/uploads\/2018\/03\/sequiaa-768x450.jpg 768w, http:\/\/rurallascolonias.com.ar\/wp-content\/uploads\/2018\/03\/sequiaa-600x352.jpg 600w, http:\/\/rurallascolonias.com.ar\/wp-content\/uploads\/2018\/03\/sequiaa-624x366.jpg 624w\" sizes=\"(max-width: 1024px) 100vw, 1024px\" \/><\/a>Se suman voces solicitando al gobierno de Santa Fe que se declare de manera urgente la Emergencia Agropecuaria, como ya lo hizo la vecina provincia de Entre R\u00edos<\/strong><\/em><!--more--><\/p>\n<p>Frente a las declaraciones p\u00fablicas formuladas por el Ministro de la Producci\u00f3n de la Naci\u00f3n, respecto que todav\u00eda algunas provincias no han declarado la emergencia y\/o desastre agropecuario en sus respectivos territorios, se suman las voces que exigen al gobierno provincial la pronta declaraci\u00f3n de la misma.<\/p>\n<p>&nbsp;<\/p>\n<p>La Confederaci\u00f3n de Asociaciones Rurales de la Provincia de Santa Fe (CARSFE) elev\u00f3 una nota al gobernador Miguel Lifschitz solicitando que \u201cse expida de manera urgente y declare la emergencia en todo el territorio provincial\u201d.<\/p>\n<p>&nbsp;<\/p>\n<p>La entidad, argument\u00f3 que \u201cla situaci\u00f3n se ha tornado extremadamente cr\u00edtica, pues las precipitaciones ca\u00eddas en algunas zonas en el transcurso de los d\u00edas que sucedieron a dicha reuni\u00f3n han sido irrelevantes, agrav\u00e1ndose el panorama para los cultivos y siendo cada vez m\u00e1s incesante el acarreo de agua en cisternas para consumo de ganado y de personas que habitan en los campos en los departamentos de Vera y 9 Julio\u201d.<\/p>\n<p>&nbsp;<\/p>\n<p>Asimismo, \u201cuna vez emitido el decreto correspondiente solicitamos se comunique inmediatamente a las autoridades nacionales a los fines de habilitar los mecanismos de ayuda correspondientes\u201d concluy\u00f3 la nota.<\/p>\n<p>&nbsp;<\/p>\n<p>En la misma l\u00ednea, ayer se aprob\u00f3 un pedido de informes sobre la sequ\u00eda y la declaraci\u00f3n de emergencia, impulsado por el jefe del oficialismo, Felipe Michlig (UCR-San Crist\u00f3bal).<\/p>\n<p>&nbsp;<\/p>\n<p>Con la firma de catorce de los diecinueve senadores que componen la C\u00e1mara alta santafesina, el texto es extremadamente cuidadoso al demandar informaci\u00f3n al Poder Ejecutivo sobre cu\u00e1l es la situaci\u00f3n de cada departamento, aunque lo requiere \u201ccon car\u00e1cter de urgente\u201d, expresi\u00f3n que -adem\u00e1s de su preocupaci\u00f3n por las malas condiciones clim\u00e1ticas- invit\u00f3 a los senadores del justicialismo a acompa\u00f1ar con sus firmas el expediente.<br \/>\n<strong>Comercio, industria y agro piden respuesta<\/strong><br \/>\nPor su parte, miembros de entidades representativas de diversos sectores econ\u00f3micos y productivos pertenecientes a localidades de los departamentos 9 de Julio, San Crist\u00f3bal y Castellanos se reunieron en las instalaciones del Centro Comercial, Industrial, Rural y de Servicios de Ceres.<\/p>\n<p>&nbsp;<\/p>\n<p>Motiv\u00f3 este encuentro la imperiosa necesidad de tratar temas vinculados a los graves efectos que trae al sector la importante sequ\u00eda que atraviesa la zona noroeste de la provincia.<\/p>\n<p>&nbsp;<\/p>\n<p>Los representantes de las instituciones que asistieron a la reuni\u00f3n decidieron pedir la intervenci\u00f3n de la Federaci\u00f3n de Centros Comerciales de la Provincia (Fececo), como entidad madre, ante las autoridades provinciales.<\/p>\n<p>&nbsp;<\/p>\n<p>El comunicado de Fececo, puso de manifiesto la necesidad de una \u201curgente declaraci\u00f3n de zona de emergencia y\/o desastre del \u00e1rea que comprende a nuestros departamentos. Dicha emergencia deber\u00e1 incluir a todos los sectores que representamos\u201d.<\/p>\n<p>&nbsp;<\/p>\n<p>Adem\u00e1s se solicitaron medidas para reducir el costo de la energ\u00eda el\u00e9ctrica y la no ejecuci\u00f3n de vencimientos fiscales en caso de haberlos.<\/p>\n<p>&nbsp;<\/p>\n<p>En el pedido, las instituciones anticiparon que, \u201cde no lograr estos requerimientos, nos veremos imposibilitados de continuar afrontando nuestras obligaciones financieras, fiscales y, lo que es a\u00fan m\u00e1s importante, el sostenimiento de las fuentes de trabajo, pilar fundamental del funcionamiento de las localidades en las que estamos insertos\u201d.<\/p>\n<p>Fuente: Campolitoral<\/p>\n","protected":false},"excerpt":{"rendered":"<p>Se suman voces solicitando al gobierno de Santa Fe que se declare de manera urgente la Emergencia Agropecuaria, como ya lo hizo la vecina provincia de Entre R\u00edos<\/p>\n","protected":false},"author":5,"featured_media":0,"comment_status":"open","ping_status":"open","sticky":false,"template":"","format":"standard","meta":[],"categories":[42,33,1393],"tags":[747,4077,703],"_links":{"self":[{"href":"http:\/\/rurallascolonias.com.ar\/index.php?rest_route=\/wp\/v2\/posts\/16231"}],"collection":[{"href":"http:\/\/rurallascolonias.com.ar\/index.php?rest_route=\/wp\/v2\/posts"}],"about":[{"href":"http:\/\/rurallascolonias.com.ar\/index.php?rest_route=\/wp\/v2\/types\/post"}],"author":[{"embeddable":true,"href":"http:\/\/rurallascolonias.com.ar\/index.php?rest_route=\/wp\/v2\/users\/5"}],"replies":[{"embeddable":true,"href":"http:\/\/rurallascolonias.com.ar\/index.php?rest_route=%2Fwp%2Fv2%2Fcomments&post=16231"}],"version-history":[{"count":1,"href":"http:\/\/rurallascolonias.com.ar\/index.php?rest_route=\/wp\/v2\/posts\/16231\/revisions"}],"predecessor-version":[{"id":16233,"href":"http:\/\/rurallascolonias.com.ar\/index.php?rest_route=\/wp\/v2\/posts\/16231\/revisions\/16233"}],"wp:attachment":[{"href":"http:\/\/rurallascolonias.com.ar\/index.php?rest_route=%2Fwp%2Fv2%2Fmedia&parent=16231"}],"wp:term":[{"taxonomy":"category","embeddable":true,"href":"http:\/\/rurallascolonias.com.ar\/index.php?rest_route=%2Fwp%2Fv2%2Fcategories&post=16231"},{"taxonomy":"post_tag","embeddable":true,"href":"http:\/\/rurallascolonias.com.ar\/index.php?rest_route=%2Fwp%2Fv2%2Ftags&post=16231"}],"curies":[{"name":"wp","href":"https:\/\/api.w.org\/{rel}","templated":true}]}}