{"id":1622,"date":"2014-03-01T17:27:22","date_gmt":"2014-03-01T17:27:22","guid":{"rendered":"http:\/\/rurallascolonias.com.ar\/?p=1622"},"modified":"2014-03-01T17:27:22","modified_gmt":"2014-03-01T17:27:22","slug":"cristina-kirchner-no-hablo-de-los-reclamos-del-campo-y-agradecio-a-dios-y-a-la-lluvia-por-la-produccion-de-soja","status":"publish","type":"post","link":"http:\/\/rurallascolonias.com.ar\/?p=1622","title":{"rendered":"CRISTINA KIRCHNER NO HABL\u00d3 DE LOS RECLAMOS DEL CAMPO Y AGRADECI\u00d3 A \u00abDIOS Y A LA LLUVIA\u00bb POR LA PRODUCCI\u00d3N DE SOJA"},"content":{"rendered":"<p style=\"text-align: center;\"><a href=\"http:\/\/rurallascolonias.com.ar\/wp-content\/uploads\/2014\/03\/cristina_congreso5.jpg\"><img loading=\"lazy\" class=\"aligncenter  wp-image-1623\" alt=\"cristina_congreso5\" src=\"http:\/\/rurallascolonias.com.ar\/wp-content\/uploads\/2014\/03\/cristina_congreso5.jpg\" width=\"360\" height=\"270\" srcset=\"http:\/\/rurallascolonias.com.ar\/wp-content\/uploads\/2014\/03\/cristina_congreso5.jpg 600w, http:\/\/rurallascolonias.com.ar\/wp-content\/uploads\/2014\/03\/cristina_congreso5-300x225.jpg 300w\" sizes=\"(max-width: 360px) 100vw, 360px\" \/><\/a>En el discurso inaugural de las sesiones ordinarias en el Congreso, la Presidenta adelant\u00f3 que la cosecha de la oleaginosa ser\u00e1 \u201cr\u00e9cord\u201d. No hizo menci\u00f3n a las retenciones, a la situaci\u00f3n del trigo, a la crisis tambera ni la ganadera. La escucharon en el recinto Alfredo de Angeli y Julio Cobos. Estuvo acompa\u00f1ada por Amado Boudou y Juli\u00e1n Dom\u00ednguez.<!--more--><\/p>\n<p>La jefa de Estado eligi\u00f3 un informe del Banco Mundial y otro de la Organizaci\u00f3n de las Naciones Unidas para la Alimentaci\u00f3n y la Agricultura (FAO) para referirse al sector agropecuario.<\/p>\n<p>\u00abArgentina es el pa\u00eds que mayor cantidad de recursos consagra a la inversi\u00f3n social\u00bb, reiter\u00f3, y mencion\u00f3 al programa de Precios Cuidados, que obtuvo un igual reconocimiento de las Naciones Unidas. La jefa de Estado se\u00f1al\u00f3 que \u00abpara la FAO, el programa Precios Cuidados es una medida que facilita el acceso a los alimentos\u00bb.<\/p>\n<p>Y resalt\u00f3: \u00abNo hay justificativo para aumentos de precios que saquean el bolsillo de los argentinos\u00bb.<\/p>\n<p>Asegur\u00f3 que el informe de la FAO destac\u00f3 el programa de financiamiento del Gobierno para productores agropecuarios como una medida orientada a favorecer la disponibilidad de alimentos.<\/p>\n<p>\u201cDestinamos al sector m\u00e1s de 54 mil millones de pesos en obras de infraestructura\u201d, dijo y destac\u00f3 que \u201cArgentina produce alimento para 400 millones de personas\u201d.<\/p>\n<p>Adem\u00e1s resalt\u00f3 las exportaciones de origen agropecuario. \u201cEn el per\u00edodo de 2003 a 2013 las exportaciones se fueron de 16.475 millones a 49.361 millones en el sector primario y en el sector de manufacturas, con mayor valor agregado, de 10.004 millones a 30.059 millones\u201d.<\/p>\n<p>Cristina Kirchner se refiri\u00f3 al valor de la hect\u00e1rea de un campo en distintas zonas de la provincia de Buenos Aires. \u201cLa evoluci\u00f3n de la hect\u00e1rea de tierra en Pergamino, Rojas y Salto pas\u00f3 de 5 mil d\u00f3lares en 2003 a\u00a0 valer entre 11.500 y 15.500 d\u00f3lares. En Villegas, Rivadavia y Trenque Lauquen en 2004 rondaba en 2 mil d\u00f3lares, hoy est\u00e1 en 7.500 d\u00f3lares. En Balcarce, Tandil y Lober\u00eda en 2004 val\u00eda 3800 millones de d\u00f3lares, hoy 8 mil millones de d\u00f3lares\u201d.<\/p>\n<p>Finalmente, se refiri\u00f3 a la producci\u00f3n de granos: \u201cEl a\u00f1o pasado duplicamos la cosecha. 105 millones de toneladas de granos, de los 55 millones que se exportaban en 2003. Este a\u00f1o la producci\u00f3n de soja va a ser absolutamente r\u00e9cord. Va a ser de un poco m\u00e1s de 55 millones gracias a la inversi\u00f3n, a la lluvia y a Dios.\u201d<\/p>\n<p>Ante la atenta mirada de legisladores como Alfredo de Angeli, Julio Cobos y Sergio Massa, la Presidenta eligi\u00f3 no referirse a los principales reclamos del campo en los \u00faltimos tiempos.<\/p>\n<p>Fuente: Edici\u00f3n Rural<\/p>\n","protected":false},"excerpt":{"rendered":"<p>En el discurso inaugural de las sesiones ordinarias en el Congreso, la Presidenta adelant\u00f3 que la cosecha de la oleaginosa ser\u00e1 \u201cr\u00e9cord\u201d. No hizo menci\u00f3n a las retenciones, a la situaci\u00f3n del trigo, a la crisis tambera ni la ganadera. La escucharon en el recinto Alfredo de Angeli y Julio Cobos. Estuvo acompa\u00f1ada por Amado [&hellip;]<\/p>\n","protected":false},"author":5,"featured_media":0,"comment_status":"closed","ping_status":"closed","sticky":false,"template":"","format":"standard","meta":[],"categories":[42],"tags":[656,657],"_links":{"self":[{"href":"http:\/\/rurallascolonias.com.ar\/index.php?rest_route=\/wp\/v2\/posts\/1622"}],"collection":[{"href":"http:\/\/rurallascolonias.com.ar\/index.php?rest_route=\/wp\/v2\/posts"}],"about":[{"href":"http:\/\/rurallascolonias.com.ar\/index.php?rest_route=\/wp\/v2\/types\/post"}],"author":[{"embeddable":true,"href":"http:\/\/rurallascolonias.com.ar\/index.php?rest_route=\/wp\/v2\/users\/5"}],"replies":[{"embeddable":true,"href":"http:\/\/rurallascolonias.com.ar\/index.php?rest_route=%2Fwp%2Fv2%2Fcomments&post=1622"}],"version-history":[{"count":1,"href":"http:\/\/rurallascolonias.com.ar\/index.php?rest_route=\/wp\/v2\/posts\/1622\/revisions"}],"predecessor-version":[{"id":1624,"href":"http:\/\/rurallascolonias.com.ar\/index.php?rest_route=\/wp\/v2\/posts\/1622\/revisions\/1624"}],"wp:attachment":[{"href":"http:\/\/rurallascolonias.com.ar\/index.php?rest_route=%2Fwp%2Fv2%2Fmedia&parent=1622"}],"wp:term":[{"taxonomy":"category","embeddable":true,"href":"http:\/\/rurallascolonias.com.ar\/index.php?rest_route=%2Fwp%2Fv2%2Fcategories&post=1622"},{"taxonomy":"post_tag","embeddable":true,"href":"http:\/\/rurallascolonias.com.ar\/index.php?rest_route=%2Fwp%2Fv2%2Ftags&post=1622"}],"curies":[{"name":"wp","href":"https:\/\/api.w.org\/{rel}","templated":true}]}}