{"id":16198,"date":"2018-03-21T13:37:09","date_gmt":"2018-03-21T13:37:09","guid":{"rendered":"http:\/\/rurallascolonias.com.ar\/?p=16198"},"modified":"2018-03-21T13:37:09","modified_gmt":"2018-03-21T13:37:09","slug":"fonterra-en-caos-pierde-348-millones-en-seis-meses-y-renuncia-theo-spierings","status":"publish","type":"post","link":"http:\/\/rurallascolonias.com.ar\/?p=16198","title":{"rendered":"Fonterra en caos, pierde 348 millones en seis meses y renuncia Theo Spierings"},"content":{"rendered":"<p><em><strong><a href=\"http:\/\/rurallascolonias.com.ar\/?attachment_id=16199\" rel=\"attachment wp-att-16199\"><img loading=\"lazy\" class=\"aligncenter size-full wp-image-16199\" src=\"http:\/\/rurallascolonias.com.ar\/wp-content\/uploads\/2018\/03\/fonterra-en-caos-300x300.jpg\" alt=\"\" width=\"300\" height=\"300\" srcset=\"http:\/\/rurallascolonias.com.ar\/wp-content\/uploads\/2018\/03\/fonterra-en-caos-300x300.jpg 300w, http:\/\/rurallascolonias.com.ar\/wp-content\/uploads\/2018\/03\/fonterra-en-caos-300x300-150x150.jpg 150w\" sizes=\"(max-width: 300px) 100vw, 300px\" \/><\/a>Ayer se anunciaba\u00a0 que los n\u00fameros no cerraban en Fonterra, la presentaci\u00f3n de los mismos en el d\u00eda de hoy fueron peor de lo esperado<\/strong><\/em><\/p>\n<p><!--more--><\/p>\n<p>El director general de Fonterra, Theo Spierings, renuncia tras una p\u00e9rdida de beneficios de 348 millones de d\u00f3lares en el ejercicio hasta la fecha.<\/p>\n<p>Fonterra anunci\u00f3 hoy que el Consejo de Administraci\u00f3n de la compa\u00f1\u00eda y su CEO Theo Spierings han acordado que el Sr. Spierings dejar\u00e1 su cargo a finales de este a\u00f1o despu\u00e9s de siete a\u00f1os en el puesto.<\/p>\n<p>La compa\u00f1\u00eda anunci\u00f3 una p\u00e9rdida de 348 millones de d\u00f3lares en el primer semestre, debido en gran parte a una reducci\u00f3n de 400 millones de d\u00f3lares en su inversi\u00f3n en Beingmate, una compa\u00f1\u00eda china de preparados para lactantes.<\/p>\n<p>Anuncio<\/p>\n<p>La compa\u00f1\u00eda anunci\u00f3 hoy que hab\u00eda obtenido un 36 por ciento de sus beneficios normalizados y que hab\u00eda registrado una p\u00e9rdida neta en el primer semestre del ejercicio 2018.<\/p>\n<p>El Sr. Spierings admiti\u00f3 que despu\u00e9s de siete a\u00f1os era un poco dif\u00edcil de entender a la luz de las noticias.<\/p>\n<p>Sin embargo, el Presidente de Fonterra, John Wilson, se\u00f1al\u00f3 que la partida del Sr. Spierings no se relacion\u00f3 con las p\u00e9rdidas del Beingmate.<\/p>\n<p>El Sr. Spierings dijo que hoy en d\u00eda la duraci\u00f3n habitual del cargo de CEO es de unos cinco a siete a\u00f1os.<\/p>\n<p>Tambi\u00e9n se\u00f1al\u00f3 que la Fonterra del futuro podr\u00eda necesitar otro tipo de CEO m\u00e1s adecuado a las nuevas tecnolog\u00edas.<\/p>\n<p>En una declaraci\u00f3n escrita por separado hoy, el Sr. Wilson dijo que la Junta estaba tomando la decisi\u00f3n de adelantar el anuncio de la dimisi\u00f3n del Sr. Spierings, que seg\u00fan \u00e9l se har\u00eda en abril, para evitar especulaciones.<\/p>\n<p>\u201cTodav\u00eda no est\u00e1 claro exactamente cu\u00e1ndo se har\u00e1 cualquier nombramiento para el reemplazo de Theo, pero est\u00e1 absolutamente claro que Theo continuar\u00e1 mientras tanto impulsando la estrategia y los negocios de la Cooperativa, con especial \u00e9nfasis en China\u201d, dijo el Sr. Wilson.<\/p>\n<p>Spierings tambi\u00e9n dijo en la declaraci\u00f3n que esperaba nuevos retos.<\/p>\n<p>\u201cAhora es el momento para un nuevo CEO que pueda dirigir la Cooperativa a trav\u00e9s de la siguiente fase. Es el momento adecuado para la Cooperativa y eso es importante para m\u00ed y para la Junta,\u201d dijo el Sr. Spierings.<\/p>\n<p>\u201cTambi\u00e9n es el momento adecuado para m\u00ed personalmente. Espero con ansias nuevos retos, pero ahora mismo mi enfoque est\u00e1 en Fonterra. Ese ser\u00e1 el caso hasta que termine con la Cooperativa\u201d.<\/p>\n<p>Autor: Dami\u00e1n Morais<br \/>\nFuente: TVNZ<\/p>\n<p><!--more--><\/p>\n","protected":false},"excerpt":{"rendered":"<p>Ayer se anunciaba\u00a0 que los n\u00fameros no cerraban en Fonterra, la presentaci\u00f3n de los mismos en el d\u00eda de hoy fueron peor de lo esperado<\/p>\n","protected":false},"author":5,"featured_media":0,"comment_status":"open","ping_status":"open","sticky":false,"template":"","format":"standard","meta":[],"categories":[14],"tags":[4070,660,4071,4072],"_links":{"self":[{"href":"http:\/\/rurallascolonias.com.ar\/index.php?rest_route=\/wp\/v2\/posts\/16198"}],"collection":[{"href":"http:\/\/rurallascolonias.com.ar\/index.php?rest_route=\/wp\/v2\/posts"}],"about":[{"href":"http:\/\/rurallascolonias.com.ar\/index.php?rest_route=\/wp\/v2\/types\/post"}],"author":[{"embeddable":true,"href":"http:\/\/rurallascolonias.com.ar\/index.php?rest_route=\/wp\/v2\/users\/5"}],"replies":[{"embeddable":true,"href":"http:\/\/rurallascolonias.com.ar\/index.php?rest_route=%2Fwp%2Fv2%2Fcomments&post=16198"}],"version-history":[{"count":1,"href":"http:\/\/rurallascolonias.com.ar\/index.php?rest_route=\/wp\/v2\/posts\/16198\/revisions"}],"predecessor-version":[{"id":16200,"href":"http:\/\/rurallascolonias.com.ar\/index.php?rest_route=\/wp\/v2\/posts\/16198\/revisions\/16200"}],"wp:attachment":[{"href":"http:\/\/rurallascolonias.com.ar\/index.php?rest_route=%2Fwp%2Fv2%2Fmedia&parent=16198"}],"wp:term":[{"taxonomy":"category","embeddable":true,"href":"http:\/\/rurallascolonias.com.ar\/index.php?rest_route=%2Fwp%2Fv2%2Fcategories&post=16198"},{"taxonomy":"post_tag","embeddable":true,"href":"http:\/\/rurallascolonias.com.ar\/index.php?rest_route=%2Fwp%2Fv2%2Ftags&post=16198"}],"curies":[{"name":"wp","href":"https:\/\/api.w.org\/{rel}","templated":true}]}}