{"id":16192,"date":"2018-03-19T17:40:16","date_gmt":"2018-03-19T17:40:16","guid":{"rendered":"http:\/\/rurallascolonias.com.ar\/?p=16192"},"modified":"2018-03-19T17:40:16","modified_gmt":"2018-03-19T17:40:16","slug":"la-vision-que-tiene-el-gobierno-de-lo-que-es-el-campo","status":"publish","type":"post","link":"http:\/\/rurallascolonias.com.ar\/?p=16192","title":{"rendered":"La visi\u00f3n que tiene el Gobierno de lo que es el campo"},"content":{"rendered":"<p><em><strong><a href=\"http:\/\/rurallascolonias.com.ar\/?attachment_id=2429\" rel=\"attachment wp-att-2429\"><img loading=\"lazy\" class=\"aligncenter size-full wp-image-2429\" src=\"http:\/\/rurallascolonias.com.ar\/wp-content\/uploads\/2014\/05\/ETCHEVEHERE.jpg\" alt=\"\" width=\"337\" height=\"149\" srcset=\"http:\/\/rurallascolonias.com.ar\/wp-content\/uploads\/2014\/05\/ETCHEVEHERE.jpg 337w, http:\/\/rurallascolonias.com.ar\/wp-content\/uploads\/2014\/05\/ETCHEVEHERE-300x132.jpg 300w\" sizes=\"(max-width: 337px) 100vw, 337px\" \/><\/a>La semana anterior present\u00e1bamos la mirada del gobierno nacional a trav\u00e9s de su ministro de Agroindustria, Luis Miguel Etchevehere, sobre dos problemas urgentes que atraviesa el sector agropecuario: el efecto del clima en la producci\u00f3n y la actualidad de la lecher\u00eda<\/strong><\/em><!--more--><\/p>\n<p>En esta segunda parte profundizaremos en otros temas de similar relevancia, como son las negociaciones internacionales, la estructura del estado y las leyes que necesita el sector, entre otros puntos.<\/p>\n<p>El peso de la exportaci\u00f3n<br \/>\nDespu\u00e9s del fracaso que signific\u00f3 para nuestro pa\u00eds la \u00faltima conferencia ministerial de la Organizaci\u00f3n Mundial de Comercio (OMC) organizada en la Argentina, el Gobierno trata ahora de impulsar un acuerdo sustancioso entre el Mercosur y la Uni\u00f3n Europea. Por el momento, las negociaciones incluyen muy poco del sector agropecuario y ya se escucharon decenas de voces en contra del acuerdo que se podr\u00eda concretar en los pr\u00f3ximos meses.<br \/>\nEn este contexto, Luis Miguel Etchevehere considera que el acuerdo UE-Mercosur, \u201cest\u00e1 muy balanceado\u201d, y que \u201ces un primer paso y le va a dar previsibilidad a muchas actividades productivas de la Argentina, que van poder entrar con arancel cero a un mercado de 500 millones de consumidores\u201d.Adem\u00e1s, Etchevehere reconoce que actualmente \u201cno tenemos ning\u00fan acuerdo comercial, cuando nuestros competidores tienen un mont\u00f3n\u201d.<br \/>\nDe todas maneras, hay que ser justos y destacar que el Gobierno ha realizado un muy buen trabajo en la apertura de mercados agroindustriales. Sin embargo aparecen algunas cr\u00edticas al respecto, especialmente porque esa apertura de mercados significa que nosotros tambi\u00e9n le tenemos que comprar al mundo y terminan ingresando algunos productos, como carne de cerdo por ejemplo, cuando ac\u00e1 tenemos de sobra.<br \/>\nAnte esto, Etchevehere considera que la potencialidad de nuestro pa\u00eds como productor y exportador de alimentos es alt\u00edsima. Cree que con las condiciones internas adecuadas y el funcionamiento correcto, Argentina puede competir contra cualquiera y de esta manera prender luces de alarma en los contendientes de otros pa\u00edses.<br \/>\n\u201cLo que pasa con el biodi\u00e9sel es un ejemplo de lo negativo de abrirse al comercio mundial. El mundo dirime las cuestiones comerciales como las estamos viendo, por un lado es una realidad no querida, pero vamos a tener que ir a la OMC y volver a demostrar todo lo que demostramos con Europa\u201d, dijo el ministro.<\/p>\n<p>\u2014\u00bfEntonces no somos ingenuos en pensar que vamos a poder competir de igual a igual en determinados temas?<br \/>\n\u2014Nuestro trabajo es hacer que una vez que el productor sale tranqueras afuera no se quede al costado de la cancha. La visi\u00f3n que tenemos en el Gobierno es hacer las cosas de tal manera que a pesar de tener el mercado abierto, nadie pueda venir a vendernos nada de la agroindustria porque nosotros seremos los m\u00e1s competitivos.<\/p>\n<p>\u2014En las \u00faltimas semanas se conoci\u00f3 la noticia de un nuevo acuerdo comercial con China. Convenio que tambi\u00e9n fue cuestionado por las complicaciones que trae desde el punto de vista sanitario. \u00bfQu\u00e9 pasa con este acuerdo por carne vacuna y ovina logrado con China?<br \/>\n\u2014Si queremos llegar a ser un abastecedor confiable de un pa\u00eds como China, que tiene m\u00e1s de mil millones de habitantes y que est\u00e1 dispuesto a pagar por productos de alt\u00edsima calidad como la carne argentina, entonces tenemos que estar a la altura en normas sanitarias, de bienestar animal, de producci\u00f3n amigable con el medio ambiente. Porque ese consumidor, sofisticado se fija en esas cosas.<\/p>\n<p>\u2014\u00bfY el Estado debe ayudar para promocionar que se haga ese tipo de carne?<br \/>\n\u2014No. La mejor ayuda es acercarles el negocio y despu\u00e9s que los privados lo desarrollen. El desaf\u00edo del Estado es abrir la aspiradora del mundo y que el productor mire y diga: \u2018Con ese precio me conviene\u2019. El que manda es el precio. Logramos un protocolo sanitario que nos abre la puerta de un mercado inmenso, que paga muy bien lo que mejor sabemos hacer. Entonces organicemos todo internamente para estar a la altura de ese desaf\u00edo, porque sacando las cuentas, el productor se va a dar cuenta de que le conviene.<\/p>\n<p>Semillas, financiamiento y la estructura del Estado<br \/>\nOtro de los puntos centrales para el sector agropecuario con los que debe lidiar este a\u00f1o el Gobierno pasa por las leyes que se necesitan para el sector y por el financiamiento que requieren los productores.<br \/>\nEn cuanto a la parte legislativa, adem\u00e1s del seguro multirriesgo que ya mencionamos en la primera parte de esta nota, la generaci\u00f3n de una Ley de Semillas se vuelve impostergable.<\/p>\n<p>-\u00bfTendremos ley de semillas nueva en 2018?<br \/>\n\u2014Hoy tenemos el acuerdo de una cantidad importante de los sectores involucrados, acuerdo al que se lleg\u00f3 a fines de 2017 y que entre los puntos principales contempla que el evento y el germoplasma vayan juntos; que la tecnolog\u00eda se pague en la primera compra, que ah\u00ed se estipule cu\u00e1l ser\u00eda el canon en caso de que el productor la quiera volver a utilizar y que el INASE no pierda su rol de fiscalizaci\u00f3n y control. En tanto que sobre aquello que falta del acuerdo, ser\u00e1 el Estado el que deba determinar las soluciones.<\/p>\n<p>\u2014\u00bfEst\u00e1n conformes?<br \/>\n\u2014Yo estoy conforme con la Ley de Semillas que puede llegar a salir. No creo que se pueda hacer de otra forma. Pero ojo, no apoyar\u00eda nada que vaya en contra de lo que pens\u00e9 siempre como dirigente gremial. Habr\u00e1 que esperar a ver qu\u00e9 tipo de norma sale, la realidad marca que ya no se puede seguir postergando m\u00e1s. Los productores necesitan respuestas y las necesitan de manera inmediata.<\/p>\n<p>\u2014\u00bfY en cu\u00e1nto al financiamiento del sector?<br \/>\n\u2014Pasa lo mismo con el financiamiento y las promesas generadas en torno a pol\u00edticas como el Plan Belgrano. Dos temas diferentes pero que se unen en el horizonte de la competitividad del productor. Sin plata y sin infraestructura, poco se puede mejorar en la producci\u00f3n de materias primas. Necesitamos ayudar al Banco Naci\u00f3n a que la gran cantidad de l\u00edneas de cr\u00e9dito que hay hoy, lleguen a los productores. Tenemos un presidente del Naci\u00f3n que sabe mucho de la actividad, \u00e9l mismo se dedica a esto. Su inter\u00e9s es financiar a la agroindustria argentina, la voluntad pol\u00edtica es \u00e9sa, que el financiamiento llegue a todos.<\/p>\n<p>\u2014Hace poco fue relanzando el Plan Belgrano. Hubo muchas cr\u00edticas tambi\u00e9n sobre el funcionamiento\u2026<br \/>\n\u2014Siempre se puede aspirar a m\u00e1s, pero lo que se ha hecho hasta ahora, kil\u00f3metros de rutas, puertos, aeropuertos, cloacas, agua potable, barrios de vivienda, no es poco. Hay que tener presente que es un plan de desarrollo, donde en muchos casos son obras nuevas, y en otros obras que se prometieron hace 30 a\u00f1os y nunca se cumplieron.<\/p>\n<p>\u2014\u00bfLos productores de soja del Plan Belgrano no reclamaron porque vuelven a tener esos 5 puntos m\u00e1s de retenciones que les hab\u00edan quitado el a\u00f1o pasado?<br \/>\n\u2014No, no reclamaron pero s\u00e9 que quisieran que se les renovara la medida de 2017. Pero ah\u00ed es donde el Estado dice ya est\u00e1, se cumpli\u00f3 el a\u00f1o pasado. Se pag\u00f3 a todos los que se presentaron, y los que se atrasaron fue porque ten\u00edan que solucionar alg\u00fan tema con la AFIP.<\/p>\n<p>\u2014\u00bfSe puede volver a aplicar en 2018?<br \/>\n\u2014No hay chance de que este a\u00f1o se vuelva a otorgar. Lo que se prometi\u00f3 se cumpli\u00f3 y ahora se est\u00e1 bajando el 0,5 mensual como estaba estipulado. No creo que se baje m\u00e1s porque la necesidad del pa\u00eds es reducir el d\u00e9ficit fiscal, y adem\u00e1s hacerlo de una manera gradual y sosteniendo a los compatriotas que est\u00e1n bajo la l\u00ednea de la pobreza.<\/p>\n<p>El \u00faltimo de los puntos que dialogamos con el ministro de Agroindustria de la Naci\u00f3n, Luis Miguel Etchevehere, pasa por la actividad de su organismo. Como es de p\u00fablico conocimiento, en la \u00faltima semana se public\u00f3 en el Bolet\u00edn Oficial la nueva estructura del Estado, entre ellas la de su cartera (adelantada en exclusiva por esta columna en el pasado).<br \/>\nEntre los puntos centrales se destaca la reducci\u00f3n del organigrama oficial a cuatro secretar\u00edas y siete subsecretar\u00edas. Adem\u00e1s de la degradaci\u00f3n a Direcci\u00f3n Nacional de las Subsecretar\u00edas de Lecher\u00eda, a cargo de Alejandro Sammartino, y de Control Comercial Agropecuario, en manos de Marcelo Rossi.<\/p>\n<p>\u2014\u00bfA qu\u00e9 obedecen estos cambios en la estructura de Agroindustria?<br \/>\n\u2014Todos los ministerios estamos tratando de tener una estructura lo m\u00e1s eficiente posible y que cumplan con su funci\u00f3n. Que se administre de la mejor manera cada centavo que nos da el contribuyente. Pero que la estructura se haya acomodado, y que ahora algunas \u00e1reas tengan un nombre distinto, no significa que se haya modificado la funci\u00f3n.<\/p>\n<p>\u2014\u00bfQu\u00e9 pasa con Senasa? \u00bfSe va a privatizar el organismo?<br \/>\n\u2014Nosotros trabajamos todos los d\u00edas para que los organismos que dependen del ministerio sean m\u00e1s eficientes y est\u00e9 m\u00e1s cerca de los productores. Pero no se va a privatizar el control sanitario. No est\u00e1 previsto.<\/p>\n<p>Autor: Carlos Etchepare<br \/>\nFuente: El Diario de la Rep\u00fablica<\/p>\n","protected":false},"excerpt":{"rendered":"<p>La semana anterior present\u00e1bamos la mirada del gobierno nacional a trav\u00e9s de su ministro de Agroindustria, Luis Miguel Etchevehere, sobre dos problemas urgentes que atraviesa el sector agropecuario: el efecto del clima en la producci\u00f3n y la actualidad de la lecher\u00eda<\/p>\n","protected":false},"author":5,"featured_media":0,"comment_status":"open","ping_status":"open","sticky":false,"template":"","format":"standard","meta":[],"categories":[33],"tags":[95,176,4069],"_links":{"self":[{"href":"http:\/\/rurallascolonias.com.ar\/index.php?rest_route=\/wp\/v2\/posts\/16192"}],"collection":[{"href":"http:\/\/rurallascolonias.com.ar\/index.php?rest_route=\/wp\/v2\/posts"}],"about":[{"href":"http:\/\/rurallascolonias.com.ar\/index.php?rest_route=\/wp\/v2\/types\/post"}],"author":[{"embeddable":true,"href":"http:\/\/rurallascolonias.com.ar\/index.php?rest_route=\/wp\/v2\/users\/5"}],"replies":[{"embeddable":true,"href":"http:\/\/rurallascolonias.com.ar\/index.php?rest_route=%2Fwp%2Fv2%2Fcomments&post=16192"}],"version-history":[{"count":1,"href":"http:\/\/rurallascolonias.com.ar\/index.php?rest_route=\/wp\/v2\/posts\/16192\/revisions"}],"predecessor-version":[{"id":16193,"href":"http:\/\/rurallascolonias.com.ar\/index.php?rest_route=\/wp\/v2\/posts\/16192\/revisions\/16193"}],"wp:attachment":[{"href":"http:\/\/rurallascolonias.com.ar\/index.php?rest_route=%2Fwp%2Fv2%2Fmedia&parent=16192"}],"wp:term":[{"taxonomy":"category","embeddable":true,"href":"http:\/\/rurallascolonias.com.ar\/index.php?rest_route=%2Fwp%2Fv2%2Fcategories&post=16192"},{"taxonomy":"post_tag","embeddable":true,"href":"http:\/\/rurallascolonias.com.ar\/index.php?rest_route=%2Fwp%2Fv2%2Ftags&post=16192"}],"curies":[{"name":"wp","href":"https:\/\/api.w.org\/{rel}","templated":true}]}}