{"id":16177,"date":"2018-03-16T11:49:02","date_gmt":"2018-03-16T11:49:02","guid":{"rendered":"http:\/\/rurallascolonias.com.ar\/?p=16177"},"modified":"2018-03-16T11:52:41","modified_gmt":"2018-03-16T11:52:41","slug":"las-24-sociedades-rurales-de-santa-fe-reunidas-en-carsfe-analizando-la-problematica-sanitaria-de-la-provincia","status":"publish","type":"post","link":"http:\/\/rurallascolonias.com.ar\/?p=16177","title":{"rendered":"Las 24 SOCIEDADES RURALES de Santa Fe  reunidas en  CARSFE analizando la problem\u00e1tica sanitaria de la provincia"},"content":{"rendered":"<p><em><strong><a href=\"http:\/\/rurallascolonias.com.ar\/?attachment_id=16180\" rel=\"attachment wp-att-16180\"><img loading=\"lazy\" class=\"aligncenter size-full wp-image-16180\" src=\"http:\/\/rurallascolonias.com.ar\/wp-content\/uploads\/2018\/03\/carsfe.jpg\" alt=\"\" width=\"1199\" height=\"896\" srcset=\"http:\/\/rurallascolonias.com.ar\/wp-content\/uploads\/2018\/03\/carsfe.jpg 1199w, http:\/\/rurallascolonias.com.ar\/wp-content\/uploads\/2018\/03\/carsfe-300x224.jpg 300w, http:\/\/rurallascolonias.com.ar\/wp-content\/uploads\/2018\/03\/carsfe-768x574.jpg 768w, http:\/\/rurallascolonias.com.ar\/wp-content\/uploads\/2018\/03\/carsfe-1024x765.jpg 1024w, http:\/\/rurallascolonias.com.ar\/wp-content\/uploads\/2018\/03\/carsfe-600x448.jpg 600w, http:\/\/rurallascolonias.com.ar\/wp-content\/uploads\/2018\/03\/carsfe-624x466.jpg 624w\" sizes=\"(max-width: 1199px) 100vw, 1199px\" \/><\/a>La Sociedad Rural de Las Colonias estuvo presente en el d\u00eda de ayer en Carsfe en la reuni\u00f3n previa preparando los temas a discutir con Ricardo Negri, Presidente de SENASA\u00a0<\/strong><\/em><!--more--><\/p>\n<p>En dicha reuni\u00f3n se entregaron las problem\u00e1ticas recibidas a trav\u00e9s de\u00a0 notas de todas las rurales de la Provincia, como ser situaciones cotidianas de los productores y el mercado<\/p>\n<p>Por la Sociedad Rural de Las Colonias estuvo presente el Presidente Marcelo D\u00e1ndolo acompa\u00f1ado por el Coordinador de Carnes de Carsfe y vocal Jos\u00e9 Luis Alonso.<\/p>\n","protected":false},"excerpt":{"rendered":"<p>La Sociedad Rural de Las Colonias estuvo presente en el d\u00eda de ayer en Carsfe en la reuni\u00f3n previa preparando los temas a discutir con Ricardo Negri, Presidente de SENASA\u00a0<\/p>\n","protected":false},"author":5,"featured_media":0,"comment_status":"open","ping_status":"open","sticky":false,"template":"","format":"standard","meta":[],"categories":[1],"tags":[],"_links":{"self":[{"href":"http:\/\/rurallascolonias.com.ar\/index.php?rest_route=\/wp\/v2\/posts\/16177"}],"collection":[{"href":"http:\/\/rurallascolonias.com.ar\/index.php?rest_route=\/wp\/v2\/posts"}],"about":[{"href":"http:\/\/rurallascolonias.com.ar\/index.php?rest_route=\/wp\/v2\/types\/post"}],"author":[{"embeddable":true,"href":"http:\/\/rurallascolonias.com.ar\/index.php?rest_route=\/wp\/v2\/users\/5"}],"replies":[{"embeddable":true,"href":"http:\/\/rurallascolonias.com.ar\/index.php?rest_route=%2Fwp%2Fv2%2Fcomments&post=16177"}],"version-history":[{"count":4,"href":"http:\/\/rurallascolonias.com.ar\/index.php?rest_route=\/wp\/v2\/posts\/16177\/revisions"}],"predecessor-version":[{"id":16184,"href":"http:\/\/rurallascolonias.com.ar\/index.php?rest_route=\/wp\/v2\/posts\/16177\/revisions\/16184"}],"wp:attachment":[{"href":"http:\/\/rurallascolonias.com.ar\/index.php?rest_route=%2Fwp%2Fv2%2Fmedia&parent=16177"}],"wp:term":[{"taxonomy":"category","embeddable":true,"href":"http:\/\/rurallascolonias.com.ar\/index.php?rest_route=%2Fwp%2Fv2%2Fcategories&post=16177"},{"taxonomy":"post_tag","embeddable":true,"href":"http:\/\/rurallascolonias.com.ar\/index.php?rest_route=%2Fwp%2Fv2%2Ftags&post=16177"}],"curies":[{"name":"wp","href":"https:\/\/api.w.org\/{rel}","templated":true}]}}