{"id":16157,"date":"2018-03-12T10:43:33","date_gmt":"2018-03-12T10:43:33","guid":{"rendered":"http:\/\/rurallascolonias.com.ar\/?p=16157"},"modified":"2018-03-12T13:45:41","modified_gmt":"2018-03-12T13:45:41","slug":"la-125-sigue-dando-que-hablar","status":"publish","type":"post","link":"http:\/\/rurallascolonias.com.ar\/?p=16157","title":{"rendered":"La 125 sigue dando que hablar"},"content":{"rendered":"<h3><em><a href=\"http:\/\/rurallascolonias.com.ar\/?attachment_id=16158\" rel=\"attachment wp-att-16158\"><img loading=\"lazy\" class=\"aligncenter size-full wp-image-16158\" src=\"http:\/\/rurallascolonias.com.ar\/wp-content\/uploads\/2018\/03\/CAmpo-1-750x500.jpg\" alt=\"\" width=\"750\" height=\"500\" srcset=\"http:\/\/rurallascolonias.com.ar\/wp-content\/uploads\/2018\/03\/CAmpo-1-750x500.jpg 750w, http:\/\/rurallascolonias.com.ar\/wp-content\/uploads\/2018\/03\/CAmpo-1-750x500-300x200.jpg 300w, http:\/\/rurallascolonias.com.ar\/wp-content\/uploads\/2018\/03\/CAmpo-1-750x500-600x400.jpg 600w, http:\/\/rurallascolonias.com.ar\/wp-content\/uploads\/2018\/03\/CAmpo-1-750x500-624x416.jpg 624w\" sizes=\"(max-width: 750px) 100vw, 750px\" \/><\/a>A 10 a\u00f1os de la 125, Carlos Garetto (Coninagro), Luciano Miguens (Sociedad Rural Argentina), Mario Llamb\u00edas (Confederaciones Rurales) y Eduardo Buzzi (Federaci\u00f3n Agraria), se reencontraron para hablar del conflicto y de la situaci\u00f3n del sector<\/em><\/h3>\n<p><!--more--><\/p>\n<p><span class=\"vw-dropcap vw-dropcap-standard\">E<\/span>l 11 de marzo de 2008, Mart\u00edn Lousteau , entonces ministro de Econom\u00eda de Cristina Kirchner , anunci\u00f3 un sistema de retenciones m\u00f3viles para el agro. Alberto Fern\u00e1ndez , quien era jefe de Gabinete, le pregunt\u00f3 al joven ministro, antes de comunicar la medida, si lo hab\u00eda hablado con la dirigencia del campo. Lousteau le asegur\u00f3 que estaba todo charlado.<\/p>\n<p>Sin embargo, luego del anuncio, comenzaron los llamados de las entidades agropecuarias. El campo la consideraba una medida confiscatoria.<\/p>\n<p>La resoluci\u00f3n 125 desat\u00f3 una pelea que dur\u00f3 cuatro meses, con cortes de rutas y una sociedad en vilo por la pelea campo-Gobierno.\u00a0Hoy se cumplen 10 a\u00f1os del inicio de ese conflicto que dur\u00f3 m\u00e1s de 120 d\u00edas.<\/p>\n<p>Antes del anuncio de la resoluci\u00f3n, Lousteau vaticinaba una posible crisis internacional. Guillermo Moreno , entonces secretario de Comercio, le hab\u00eda llevado a la Presidenta unas \u201cdescabelladas\u201d medidas econ\u00f3micas basadas en casi un 64% de retenciones a la soja, se\u00f1al\u00f3 Fern\u00e1ndez. \u201cNos juntamos con Mart\u00edn [Lousteau] para darle a Cristina una alternativa m\u00e1s viable y \u00e9l con su equipo de trabajo armaron la 125\u2033, afirm\u00f3.<\/p>\n","protected":false},"excerpt":{"rendered":"<p>A 10 a\u00f1os de la 125, Carlos Garetto (Coninagro), Luciano Miguens (Sociedad Rural Argentina), Mario Llamb\u00edas (Confederaciones Rurales) y Eduardo Buzzi (Federaci\u00f3n Agraria), se reencontraron para hablar del conflicto y de la situaci\u00f3n del sector<\/p>\n","protected":false},"author":5,"featured_media":0,"comment_status":"open","ping_status":"open","sticky":false,"template":"","format":"standard","meta":[],"categories":[42],"tags":[1207],"_links":{"self":[{"href":"http:\/\/rurallascolonias.com.ar\/index.php?rest_route=\/wp\/v2\/posts\/16157"}],"collection":[{"href":"http:\/\/rurallascolonias.com.ar\/index.php?rest_route=\/wp\/v2\/posts"}],"about":[{"href":"http:\/\/rurallascolonias.com.ar\/index.php?rest_route=\/wp\/v2\/types\/post"}],"author":[{"embeddable":true,"href":"http:\/\/rurallascolonias.com.ar\/index.php?rest_route=\/wp\/v2\/users\/5"}],"replies":[{"embeddable":true,"href":"http:\/\/rurallascolonias.com.ar\/index.php?rest_route=%2Fwp%2Fv2%2Fcomments&post=16157"}],"version-history":[{"count":1,"href":"http:\/\/rurallascolonias.com.ar\/index.php?rest_route=\/wp\/v2\/posts\/16157\/revisions"}],"predecessor-version":[{"id":16159,"href":"http:\/\/rurallascolonias.com.ar\/index.php?rest_route=\/wp\/v2\/posts\/16157\/revisions\/16159"}],"wp:attachment":[{"href":"http:\/\/rurallascolonias.com.ar\/index.php?rest_route=%2Fwp%2Fv2%2Fmedia&parent=16157"}],"wp:term":[{"taxonomy":"category","embeddable":true,"href":"http:\/\/rurallascolonias.com.ar\/index.php?rest_route=%2Fwp%2Fv2%2Fcategories&post=16157"},{"taxonomy":"post_tag","embeddable":true,"href":"http:\/\/rurallascolonias.com.ar\/index.php?rest_route=%2Fwp%2Fv2%2Ftags&post=16157"}],"curies":[{"name":"wp","href":"https:\/\/api.w.org\/{rel}","templated":true}]}}