{"id":16103,"date":"2018-02-27T10:05:57","date_gmt":"2018-02-27T10:05:57","guid":{"rendered":"http:\/\/rurallascolonias.com.ar\/?p=16103"},"modified":"2018-02-27T13:35:14","modified_gmt":"2018-02-27T13:35:14","slug":"entidades-rurales-piden-que-se-declare-la-emergencia-agropecuaria","status":"publish","type":"post","link":"http:\/\/rurallascolonias.com.ar\/?p=16103","title":{"rendered":"Entidades rurales piden que se declare la emergencia agropecuaria"},"content":{"rendered":"<p><em><strong><a href=\"http:\/\/rurallascolonias.com.ar\/?attachment_id=16104\" rel=\"attachment wp-att-16104\"><img loading=\"lazy\" class=\"aligncenter size-full wp-image-16104\" src=\"http:\/\/rurallascolonias.com.ar\/wp-content\/uploads\/2018\/02\/sequ\u00eda-2.jpg\" alt=\"\" width=\"1024\" height=\"601\" srcset=\"http:\/\/rurallascolonias.com.ar\/wp-content\/uploads\/2018\/02\/sequ\u00eda-2.jpg 1024w, http:\/\/rurallascolonias.com.ar\/wp-content\/uploads\/2018\/02\/sequ\u00eda-2-300x176.jpg 300w, http:\/\/rurallascolonias.com.ar\/wp-content\/uploads\/2018\/02\/sequ\u00eda-2-768x451.jpg 768w, http:\/\/rurallascolonias.com.ar\/wp-content\/uploads\/2018\/02\/sequ\u00eda-2-600x352.jpg 600w, http:\/\/rurallascolonias.com.ar\/wp-content\/uploads\/2018\/02\/sequ\u00eda-2-624x366.jpg 624w\" sizes=\"(max-width: 1024px) 100vw, 1024px\" \/><\/a>Entidades de Santa Fe, C\u00f3rdoba y Buenos Aires solicitan a autoridades provinciales y nacionales declarar de forma \u00abinmediata\u00bb la emergencia agropecuaria por \u201cla grave situaci\u00f3n de sequ\u00eda\u201d. CARSFE elev\u00f3 el pedido a la Ministra Ciciliani<\/strong><\/em><!--more--><\/p>\n<p>&nbsp;<\/p>\n<p>El clima seco y las elevadas temperaturas contin\u00faan afectando la producci\u00f3n agr\u00edcola. En C\u00f3rdoba, Santa Fe y Entre R\u00edos adem\u00e1s de las mermas en rendimiento, ahora se suma el riesgo de p\u00e9rdida de gran parte del \u00e1rea sembrada como soja de segunda, que fue r\u00e9cord durante la presente campa\u00f1a.<br \/>\nAnte tal escenario, entidades rurales de las \u00e1reas afectadas solicitaron en los \u00faltimos d\u00edas a autoridades provinciales y nacionales declarar de forma \u00abinmediata\u00bb la emergencia agropecuaria por la grave situaci\u00f3n de los productores consecuencia de la sequ\u00eda.<\/p>\n<p>&nbsp;<\/p>\n<p>Por su parte, La confederacion de Asociaciones Rurales de la Provincia de Santa Fe \u2013 CARSFE-\u00a0 expres\u00f3 en un comunicado de prensa que \u201cest\u00e1 recibiendo informes de sus Sociedades Rurales adheridas, expresando la preocupaci\u00f3n por la intensa sequ\u00eda que se esta produciendo en todo el territorio provincial y que afecta a la totalidad de las actividades agropecuarias\u201d.<\/p>\n<p>&nbsp;<\/p>\n<p>A su vez, la entidad elev\u00f3 una nota de pedido a la Ministra de Producci\u00f3n Alicia Ciciliani en la que se le reitera el pedido, que se hab\u00eda realizado el diciembre pasado, de convocar a la Comisi\u00f3n Provincial de Emergencia Agropecuaria.<\/p>\n<p>&nbsp;<\/p>\n<p>Al respecto, Carlos Castagnani presidente de CARSFE coment\u00f3 que en el centro y norte de la provincia hay problemas que en algunos casos ya son irreparables y en el sur, se da la parod\u00f3jica situaci\u00f3n de campos inundados a la par de lotes que se estan perdiendo por falta de agua.<\/p>\n<p>&nbsp;<\/p>\n<p>\u201cLo que a nosotros m\u00e1s nos preocupa como entidad es lo que viene. C\u00f3mo sigue el productor que se endeuda para sembrar, o para invertir en ganaderia y no recibe los frutos de esa siembra, acarreando serios problemas econ\u00f3micos. Creo que all\u00ed tenemos que pedir la presencia del Estado, tanto Provincial como Nacional\u201d se\u00f1al\u00f3 Castagnani.<\/p>\n<p>&nbsp;<br \/>\nHasta el momento, la entidad afirma que no se recibido respuesta del Ministerio de Producci\u00f3n, por lo que se \u201c\u201d insta a darle celeridad a la convocatoria, para tratar de llevar algunas soluciones a los productores agropecuarios que se encuentran afectados\u201d, concluye el comunicado de Carsfe.<\/p>\n<p>Fuente: Campo Litoral<\/p>\n<p><!--more--><\/p>\n<p><!--more--><!--more--><\/p>\n","protected":false},"excerpt":{"rendered":"<p>Entidades de Santa Fe, C\u00f3rdoba y Buenos Aires solicitan a autoridades provinciales y nacionales declarar de forma \u00abinmediata\u00bb la emergencia agropecuaria por \u201cla grave situaci\u00f3n de sequ\u00eda\u201d. CARSFE elev\u00f3 el pedido a la Ministra Ciciliani<\/p>\n","protected":false},"author":5,"featured_media":0,"comment_status":"open","ping_status":"open","sticky":false,"template":"","format":"standard","meta":[],"categories":[33],"tags":[747,2146],"_links":{"self":[{"href":"http:\/\/rurallascolonias.com.ar\/index.php?rest_route=\/wp\/v2\/posts\/16103"}],"collection":[{"href":"http:\/\/rurallascolonias.com.ar\/index.php?rest_route=\/wp\/v2\/posts"}],"about":[{"href":"http:\/\/rurallascolonias.com.ar\/index.php?rest_route=\/wp\/v2\/types\/post"}],"author":[{"embeddable":true,"href":"http:\/\/rurallascolonias.com.ar\/index.php?rest_route=\/wp\/v2\/users\/5"}],"replies":[{"embeddable":true,"href":"http:\/\/rurallascolonias.com.ar\/index.php?rest_route=%2Fwp%2Fv2%2Fcomments&post=16103"}],"version-history":[{"count":1,"href":"http:\/\/rurallascolonias.com.ar\/index.php?rest_route=\/wp\/v2\/posts\/16103\/revisions"}],"predecessor-version":[{"id":16105,"href":"http:\/\/rurallascolonias.com.ar\/index.php?rest_route=\/wp\/v2\/posts\/16103\/revisions\/16105"}],"wp:attachment":[{"href":"http:\/\/rurallascolonias.com.ar\/index.php?rest_route=%2Fwp%2Fv2%2Fmedia&parent=16103"}],"wp:term":[{"taxonomy":"category","embeddable":true,"href":"http:\/\/rurallascolonias.com.ar\/index.php?rest_route=%2Fwp%2Fv2%2Fcategories&post=16103"},{"taxonomy":"post_tag","embeddable":true,"href":"http:\/\/rurallascolonias.com.ar\/index.php?rest_route=%2Fwp%2Fv2%2Ftags&post=16103"}],"curies":[{"name":"wp","href":"https:\/\/api.w.org\/{rel}","templated":true}]}}