{"id":16073,"date":"2018-02-23T11:41:39","date_gmt":"2018-02-23T11:41:39","guid":{"rendered":"http:\/\/rurallascolonias.com.ar\/?p=16073"},"modified":"2018-02-23T11:41:39","modified_gmt":"2018-02-23T11:41:39","slug":"feliz-dia-del-tambero","status":"publish","type":"post","link":"http:\/\/rurallascolonias.com.ar\/?p=16073","title":{"rendered":"\u00a1FELIZ D\u00cdA DEL TAMBERO!"},"content":{"rendered":"<p><em><strong><a href=\"http:\/\/rurallascolonias.com.ar\/?attachment_id=16074\" rel=\"attachment wp-att-16074\"><img loading=\"lazy\" class=\"aligncenter size-full wp-image-16074\" src=\"http:\/\/rurallascolonias.com.ar\/wp-content\/uploads\/2018\/02\/tambero.jpg\" alt=\"\" width=\"614\" height=\"251\" srcset=\"http:\/\/rurallascolonias.com.ar\/wp-content\/uploads\/2018\/02\/tambero.jpg 614w, http:\/\/rurallascolonias.com.ar\/wp-content\/uploads\/2018\/02\/tambero-300x123.jpg 300w, http:\/\/rurallascolonias.com.ar\/wp-content\/uploads\/2018\/02\/tambero-600x245.jpg 600w\" sizes=\"(max-width: 614px) 100vw, 614px\" \/><\/a>Ayer, hoy y ma\u00f1ana honramos el trabajo del tambero<\/strong><\/em><!--more--><!--more--><\/p>\n<p>Invierno o verano. Con lluvia o con sol. De d\u00eda o de noche. Solo o en equipo. Manualmente o con tecnolog\u00eda. En las buenas y en las malas, el tambero trabaja con empe\u00f1o los 365 d\u00edas del a\u00f1o. Con amor y pasi\u00f3n por lo que hace y por sus animales.<\/p>\n<p>Por todo esto, miramos nuestras ra\u00edces con orgullo. Miramos el camino recorrido y continuamos avanzando a pesar de las adversidades. Por todo esto y porque conservamos intactos los valores familiares, de trabajo, de esfuerzo mancomunado y de tradici\u00f3n es que celebramos el trabajo tambero.<\/p>\n<p>Sociedad Rural de Las Colonias<!--more--><\/p>\n","protected":false},"excerpt":{"rendered":"<p>Ayer, hoy y ma\u00f1ana honramos el trabajo del tambero<\/p>\n","protected":false},"author":5,"featured_media":0,"comment_status":"open","ping_status":"open","sticky":false,"template":"","format":"standard","meta":[],"categories":[29],"tags":[2637],"_links":{"self":[{"href":"http:\/\/rurallascolonias.com.ar\/index.php?rest_route=\/wp\/v2\/posts\/16073"}],"collection":[{"href":"http:\/\/rurallascolonias.com.ar\/index.php?rest_route=\/wp\/v2\/posts"}],"about":[{"href":"http:\/\/rurallascolonias.com.ar\/index.php?rest_route=\/wp\/v2\/types\/post"}],"author":[{"embeddable":true,"href":"http:\/\/rurallascolonias.com.ar\/index.php?rest_route=\/wp\/v2\/users\/5"}],"replies":[{"embeddable":true,"href":"http:\/\/rurallascolonias.com.ar\/index.php?rest_route=%2Fwp%2Fv2%2Fcomments&post=16073"}],"version-history":[{"count":1,"href":"http:\/\/rurallascolonias.com.ar\/index.php?rest_route=\/wp\/v2\/posts\/16073\/revisions"}],"predecessor-version":[{"id":16075,"href":"http:\/\/rurallascolonias.com.ar\/index.php?rest_route=\/wp\/v2\/posts\/16073\/revisions\/16075"}],"wp:attachment":[{"href":"http:\/\/rurallascolonias.com.ar\/index.php?rest_route=%2Fwp%2Fv2%2Fmedia&parent=16073"}],"wp:term":[{"taxonomy":"category","embeddable":true,"href":"http:\/\/rurallascolonias.com.ar\/index.php?rest_route=%2Fwp%2Fv2%2Fcategories&post=16073"},{"taxonomy":"post_tag","embeddable":true,"href":"http:\/\/rurallascolonias.com.ar\/index.php?rest_route=%2Fwp%2Fv2%2Ftags&post=16073"}],"curies":[{"name":"wp","href":"https:\/\/api.w.org\/{rel}","templated":true}]}}