{"id":16064,"date":"2018-02-21T20:38:54","date_gmt":"2018-02-21T20:38:54","guid":{"rendered":"http:\/\/rurallascolonias.com.ar\/?p=16064"},"modified":"2018-02-21T20:38:54","modified_gmt":"2018-02-21T20:38:54","slug":"la-mesa-de-enlace-descubrio-que-hay-muchos-problemas-en-el-campo","status":"publish","type":"post","link":"http:\/\/rurallascolonias.com.ar\/?p=16064","title":{"rendered":"La Mesa de enlace descubri\u00f3 que hay muchos problemas en el Campo"},"content":{"rendered":"<p><strong><em><a href=\"http:\/\/rurallascolonias.com.ar\/?attachment_id=16065\" rel=\"attachment wp-att-16065\"><img loading=\"lazy\" class=\"aligncenter size-full wp-image-16065\" src=\"http:\/\/rurallascolonias.com.ar\/wp-content\/uploads\/2018\/02\/Mesa-de-Enlace.jpg\" alt=\"\" width=\"660\" height=\"330\" srcset=\"http:\/\/rurallascolonias.com.ar\/wp-content\/uploads\/2018\/02\/Mesa-de-Enlace.jpg 660w, http:\/\/rurallascolonias.com.ar\/wp-content\/uploads\/2018\/02\/Mesa-de-Enlace-300x150.jpg 300w, http:\/\/rurallascolonias.com.ar\/wp-content\/uploads\/2018\/02\/Mesa-de-Enlace-600x300.jpg 600w, http:\/\/rurallascolonias.com.ar\/wp-content\/uploads\/2018\/02\/Mesa-de-Enlace-624x312.jpg 624w\" sizes=\"(max-width: 660px) 100vw, 660px\" \/><\/a>Poco m\u00e1s de dos a\u00f1os dur\u00f3 el \u201cromance\u201d entre el gobierno de Mauricio Macri y la dirigencia rural. El impulso inicial que gener\u00f3 la quita de retenciones, la devaluaci\u00f3n y la eliminaci\u00f3n de trabas como los Roes quedaron tapadas con el paso del tiempo por los problemas de la macro econom\u00eda y otros sectoriales que volvieron a generar descontento entre los productores<\/em><\/strong><!--more--><\/p>\n<p>Desde el arranque de la gesti\u00f3n Macri fueron pocas las cr\u00edticas de los dirigentes del sector, en el \u00faltimo tiempo y con un poco m\u00e1s de fuerza CRA (y Carbap) junto con Federaci\u00f3n Agraria fueron las que comenzaron a hacerse eco de los problemas y demandas de los chacareros.<\/p>\n<p>Dicen los dirigentes fuera de micr\u00f3fono que m\u00e1s all\u00e1 de las medidas iniciales no hubo otros grandes cambios y que \u201cesto es m\u00e1s de lo mismo\u201d, en referencia a la gesti\u00f3n de Cristina Fern\u00e1ndez a la que se critic\u00f3 por la alta inflaci\u00f3n en pesos y en d\u00f3lares y la falta de competitividad entre tantas otras cuestiones.<\/p>\n<p>Si \u201cesto es m\u00e1s de lo mismo no se entiende porque se demoran los cuestionamientos\u201d, la luna de miel parce haber durado demasiado o ser\u00e1 que los une el espanto\u2026<\/p>\n<p>Esos problemas fueron motivo de un comunicado de parte de la Mesa de Enlace que se difundi\u00f3 ayer a \u00faltima hora y en el que piden una reuni\u00f3n el ministro de Agroindustria, Luis Miguel Etchevehere, con la excusa del aniversario de la puesta en marcha de la resoluci\u00f3n 125 que estableci\u00f3 \u00b4las retenciones m\u00f3viles y dio origen al conflicto campo-gobierno que a su vez permiti\u00f3 dar a conocer a la sociedad los problemas del sector.<\/p>\n<p>La Mesa de Enlace pide reuni\u00f3n a Etchevehere porque considera que hay varios temas por resolver. En el comunicado expresan que: \u201clos dirigentes de las cuatro entidades analizaron la situaci\u00f3n actual del sector y coincidieron en la preocupaci\u00f3n que generan los siguientes temas que afectan a los productores agropecuarios: la sequ\u00eda, los incendios, las inundaciones, las situaciones de emergencia que existen a lo largo de todo el pa\u00eds, la alta presi\u00f3n tributaria y la reciente reforma fiscal, adem\u00e1s del financiamiento.<\/p>\n<p>Los dirigentes remarcaron, tambi\u00e9n, la necesidad de avanzar en el abordaje de la ley de semillas y en la implementaci\u00f3n de un seguro multiriesgo, entre otras cuestiones\u201d.<\/p>\n<p>Lo del seguro multirriesgo merece un comentario: se lo anunci\u00f3 como una herramienta que traer\u00eda grandes soluciones pero nunca m\u00e1s se supo nada y los funcionarios no quieren ni mencionar el tema.<\/p>\n<p>La lista de temas mencionada parece acotada, teniendo en cuenta los reclamos de otros sectores. Por caso, los referentes de la producci\u00f3n lecher\u00eda se reunieron ayer con el subsecretario Alejandro Sammartino, y la semana que viene ser\u00e1n recibidos por el presidente Mauricio Macri, pero este tema no figura en la agenda de las cuestiones que quieren hablar los directivos de la Mesa de Enlace con el ministro Etchevehere.<\/p>\n<p>Tampoco forma parte de esa agenda el problema de las producciones regionales afectadas por la continua suba de los costos principalmente del combustible y de la energ\u00eda el\u00e9ctrica que complica a la producci\u00f3n de arroz, frutas, limones y vino por nombrar s\u00f3lo a algunas.<\/p>\n<p>En dos a\u00f1os el Gobierno de Macri implement\u00f3 algunas medidas prometidas que dieron gran impulso al sector, pero luego el agro cay\u00f3 en el olvido. M\u00e1s all\u00e1 de algunos avances en los controles comerciales al sector de la carne vacuna, poco se hizo por mejorar la competitividad y rentabilidad de la producci\u00f3n agropecuaria. Mientras tanto los problemas y el enojo se acumulan.<\/p>\n<p><strong>Por Nicol\u00e1s Razzetti<\/strong><\/p>\n","protected":false},"excerpt":{"rendered":"<p>Poco m\u00e1s de dos a\u00f1os dur\u00f3 el \u201cromance\u201d entre el gobierno de Mauricio Macri y la dirigencia rural. El impulso inicial que gener\u00f3 la quita de retenciones, la devaluaci\u00f3n y la eliminaci\u00f3n de trabas como los Roes quedaron tapadas con el paso del tiempo por los problemas de la macro econom\u00eda y otros sectoriales que [&hellip;]<\/p>\n","protected":false},"author":5,"featured_media":0,"comment_status":"open","ping_status":"open","sticky":false,"template":"","format":"standard","meta":[],"categories":[33],"tags":[95,34,4056,1112],"_links":{"self":[{"href":"http:\/\/rurallascolonias.com.ar\/index.php?rest_route=\/wp\/v2\/posts\/16064"}],"collection":[{"href":"http:\/\/rurallascolonias.com.ar\/index.php?rest_route=\/wp\/v2\/posts"}],"about":[{"href":"http:\/\/rurallascolonias.com.ar\/index.php?rest_route=\/wp\/v2\/types\/post"}],"author":[{"embeddable":true,"href":"http:\/\/rurallascolonias.com.ar\/index.php?rest_route=\/wp\/v2\/users\/5"}],"replies":[{"embeddable":true,"href":"http:\/\/rurallascolonias.com.ar\/index.php?rest_route=%2Fwp%2Fv2%2Fcomments&post=16064"}],"version-history":[{"count":1,"href":"http:\/\/rurallascolonias.com.ar\/index.php?rest_route=\/wp\/v2\/posts\/16064\/revisions"}],"predecessor-version":[{"id":16066,"href":"http:\/\/rurallascolonias.com.ar\/index.php?rest_route=\/wp\/v2\/posts\/16064\/revisions\/16066"}],"wp:attachment":[{"href":"http:\/\/rurallascolonias.com.ar\/index.php?rest_route=%2Fwp%2Fv2%2Fmedia&parent=16064"}],"wp:term":[{"taxonomy":"category","embeddable":true,"href":"http:\/\/rurallascolonias.com.ar\/index.php?rest_route=%2Fwp%2Fv2%2Fcategories&post=16064"},{"taxonomy":"post_tag","embeddable":true,"href":"http:\/\/rurallascolonias.com.ar\/index.php?rest_route=%2Fwp%2Fv2%2Ftags&post=16064"}],"curies":[{"name":"wp","href":"https:\/\/api.w.org\/{rel}","templated":true}]}}