{"id":16059,"date":"2018-02-21T20:29:41","date_gmt":"2018-02-21T20:29:41","guid":{"rendered":"http:\/\/rurallascolonias.com.ar\/?p=16059"},"modified":"2018-02-21T20:29:41","modified_gmt":"2018-02-21T20:29:41","slug":"el-tambo-tambien-sufre-la-sequia","status":"publish","type":"post","link":"http:\/\/rurallascolonias.com.ar\/?p=16059","title":{"rendered":"El tambo tambi\u00e9n sufre la sequ\u00eda"},"content":{"rendered":"<p><strong><em><a href=\"http:\/\/rurallascolonias.com.ar\/?attachment_id=16060\" rel=\"attachment wp-att-16060\"><img loading=\"lazy\" class=\"aligncenter size-full wp-image-16060\" src=\"http:\/\/rurallascolonias.com.ar\/wp-content\/uploads\/2018\/02\/sequ\u00eda.jpg\" alt=\"\" width=\"300\" height=\"300\" srcset=\"http:\/\/rurallascolonias.com.ar\/wp-content\/uploads\/2018\/02\/sequ\u00eda.jpg 300w, http:\/\/rurallascolonias.com.ar\/wp-content\/uploads\/2018\/02\/sequ\u00eda-150x150.jpg 150w\" sizes=\"(max-width: 300px) 100vw, 300px\" \/><\/a>Se suma ahora a la dif\u00edcil situaci\u00f3n que vive el sector l\u00e1cteo la falta de lluvias. Se consumen las reservas de alimento previstas para el invierno llevando a los tambos a una situaci\u00f3n l\u00edmite<\/em><\/strong><!--more--><\/p>\n<p>\u201cEsta muy complicado. Si no llueve esta semana, los efectos de la sequ\u00eda se van a notar. Ya la soja y el ma\u00edz, por m\u00e1s que llueva no se van a recuperar\u201d, es el diagn\u00f3stico que realiza Gustavo Hetze, un tambero de la zona de Ceres, que vive en carne propia las consecuencias del fen\u00f3meno clim\u00e1tico.<\/p>\n<p>La falta de precipitaciones viene afectando a regi\u00f3n hace aproximadamente dos meses, pero el productor se\u00f1al\u00f3 que la \u00faltima semana ha sido cr\u00edtica.<\/p>\n<p>A la larga lista de factores que afectan al sector l\u00e1cteo como la fuerte presi\u00f3n impositiva, costos que crecen y precios que se estancan se suma ahora la sequ\u00eda. Ante la falta de pasto verde que consuman las vacas, ya se est\u00e1 utilizando las reservas de alimento previstas para el invierno, lo que significa una repercusi\u00f3n directa sobre los costos, que los productores no pueden afrontar.<\/p>\n<p>\u201cYa con el precio de la leche ahora, -que es el mismo que tenemos hace cinco meses-, el aumento del d\u00f3lar, del combustible y del ma\u00edz, es imposible reponer lo que se est\u00e1 gastando para darle de comer a las vacas. Cuando se termine lo que tenemos van a empezar a cerrar los tambos\u201d, pronostic\u00f3 Hetze.<\/p>\n<p>La falta de lluvias alarma a la regi\u00f3n<\/p>\n<p>Directivos de la Sociedad Rural de San Justo, se reunieron con cooperativas, acopios y productores de la zona para evaluar la grave situaci\u00f3n clim\u00e1tica que atraviesa la regi\u00f3n.<\/p>\n<p>En un comunicado explicaron que las precipitaciones muy por debajo de las medias hist\u00f3ricas correspondientes a los meses de enero\/febrero, acompa\u00f1ado de un verano muy caluroso, han producido \u201cda\u00f1os en el cultivo de soja, que ya son irreversibles y las p\u00e9rdidas esperadas muy importantes. A su vez, el cultivo de ma\u00edz sigue el mismo deterioro significativo en sus rendimientos. Pasando una situaci\u00f3n similar en los dem\u00e1s cultivos\u201d.<\/p>\n<p>En lo que respecta a la ganader\u00eda, \u201cla situaci\u00f3n afecta a todos los sistemas productivos, cr\u00eda, invernada, feedlot y tambos. La disponibilidad de pastos naturales y pasturas, as\u00ed como la capacidad para la producci\u00f3n forrajera y de reservas se encuentra seriamente comprometida. En conclusi\u00f3n, todo el sector productivo se encuentra gravemente afectado\u201d, se se\u00f1al\u00f3.<\/p>\n<p>Por su parte, los productores de San Crist\u00f3bal Este, a trav\u00e9s de un informe publicado por la Sociedad Rural resaltaron que debido a la evapotranspiraci\u00f3n, para estos meses de primavera-verano, son necesarios no menos de 100 mm mensuales de precipitaci\u00f3n.<\/p>\n<p>\u201cSi le sumamos a esto los d\u00edas con temperaturas m\u00e1ximas superiores a los promedios hist\u00f3ricos llegamos a una combinaci\u00f3n terrible que ha producido una gran escasez de humedad en el perfil, un descenso importante de las napas de agua, que dificulta la obtenci\u00f3n de agua de bebida para la hacienda, y, por consiguiente, la muerte del tapiz de pasturas naturales, que al ser consumidas por el ganado, no rebrotan, quedando sin alimento para la entrada al invierno\u201d, detall\u00f3 el informe y remarc\u00f3 que de no mediar importantes precipitaciones en lo inmediato, se ver\u00e1n imposibilitadas las siembras de verdeos de invierno.<\/p>\n<p>Finalmente, apelaron a los productores a empezar a alertar a las autoridades a fin de ir previniendo sobre los problemas que se enfrentar\u00e1n a la llegada del invierno. A los cuales habr\u00e1 que acudir en auxilio mediante declaraciones de emergencia, desastre, o ayudas crediticias, seg\u00fan corresponda.<\/p>\n","protected":false},"excerpt":{"rendered":"<p>Se suma ahora a la dif\u00edcil situaci\u00f3n que vive el sector l\u00e1cteo la falta de lluvias. Se consumen las reservas de alimento previstas para el invierno llevando a los tambos a una situaci\u00f3n l\u00edmite<\/p>\n","protected":false},"author":5,"featured_media":0,"comment_status":"open","ping_status":"open","sticky":false,"template":"","format":"standard","meta":[],"categories":[18],"tags":[703,1157],"_links":{"self":[{"href":"http:\/\/rurallascolonias.com.ar\/index.php?rest_route=\/wp\/v2\/posts\/16059"}],"collection":[{"href":"http:\/\/rurallascolonias.com.ar\/index.php?rest_route=\/wp\/v2\/posts"}],"about":[{"href":"http:\/\/rurallascolonias.com.ar\/index.php?rest_route=\/wp\/v2\/types\/post"}],"author":[{"embeddable":true,"href":"http:\/\/rurallascolonias.com.ar\/index.php?rest_route=\/wp\/v2\/users\/5"}],"replies":[{"embeddable":true,"href":"http:\/\/rurallascolonias.com.ar\/index.php?rest_route=%2Fwp%2Fv2%2Fcomments&post=16059"}],"version-history":[{"count":1,"href":"http:\/\/rurallascolonias.com.ar\/index.php?rest_route=\/wp\/v2\/posts\/16059\/revisions"}],"predecessor-version":[{"id":16061,"href":"http:\/\/rurallascolonias.com.ar\/index.php?rest_route=\/wp\/v2\/posts\/16059\/revisions\/16061"}],"wp:attachment":[{"href":"http:\/\/rurallascolonias.com.ar\/index.php?rest_route=%2Fwp%2Fv2%2Fmedia&parent=16059"}],"wp:term":[{"taxonomy":"category","embeddable":true,"href":"http:\/\/rurallascolonias.com.ar\/index.php?rest_route=%2Fwp%2Fv2%2Fcategories&post=16059"},{"taxonomy":"post_tag","embeddable":true,"href":"http:\/\/rurallascolonias.com.ar\/index.php?rest_route=%2Fwp%2Fv2%2Ftags&post=16059"}],"curies":[{"name":"wp","href":"https:\/\/api.w.org\/{rel}","templated":true}]}}