{"id":15984,"date":"2018-02-06T18:07:33","date_gmt":"2018-02-06T18:07:33","guid":{"rendered":"http:\/\/rurallascolonias.com.ar\/?p=15984"},"modified":"2018-02-06T18:25:15","modified_gmt":"2018-02-06T18:25:15","slug":"creditos-por-emergencia-hidrica-desde-la-sociedad-rural-hacemos-un-enorme-esfuerzo-para-que-el-productor-tenga-el-dinero-pronto","status":"publish","type":"post","link":"http:\/\/rurallascolonias.com.ar\/?p=15984","title":{"rendered":"CR\u00c9DITOS POR EMERGENCIA H\u00cdDRICA: \u00abDESDE LA SOCIEDAD RURAL HACEMOS UN ENORME ESFUERZO PARA QUE EL PRODUCTOR TENGA EL DINERO PRONTO\u00bb"},"content":{"rendered":"<p><strong><em><a href=\"http:\/\/rurallascolonias.com.ar\/?attachment_id=13445\" rel=\"attachment wp-att-13445\"><img loading=\"lazy\" class=\"aligncenter size-full wp-image-13445\" src=\"http:\/\/rurallascolonias.com.ar\/wp-content\/uploads\/2017\/02\/Argentina-en-emergencia-lechera-300x300.png\" alt=\"\" width=\"300\" height=\"300\" srcset=\"http:\/\/rurallascolonias.com.ar\/wp-content\/uploads\/2017\/02\/Argentina-en-emergencia-lechera-300x300.png 300w, http:\/\/rurallascolonias.com.ar\/wp-content\/uploads\/2017\/02\/Argentina-en-emergencia-lechera-300x300-150x150.png 150w\" sizes=\"(max-width: 300px) 100vw, 300px\" \/><\/a>El Presidente de la Sociedad Rural de Las Colonias, Prof. Marcelo D\u00e1ndolo, da detalles acerca de c\u00f3mo funcion\u00f3 la recepci\u00f3n de informaci\u00f3n para acceder al pago de los cr\u00e9ditos por la Emergencia Agropecuaria<\/em><\/strong><!--more--><\/p>\n<p>Iniciativa que surge tras cambiar de nombre el\u00a0Secretario de Lecher\u00eda de la Provincia de Santa Fe. -Roberto Ti\u00f3n en lugar de Pedro Morini. \u00abNosotros ve\u00edamos que el tema de los $2000 por vaca era m\u00e1s incertidumbre que certezas en los productores\u00bb, sostiene D\u00e1ndolo, \u00abpor lo tanto, lo que decidimos hacer para lograr un mayor contacto con el nuevo Secretario de Lecher\u00eda fue pedirles a los productores del Departamento Las Colonias que ya hayan hecho todos los tr\u00e1mites y que a\u00fan no ha percibido ese cr\u00e9dito, se acerquen a la Rural y as\u00ed juntar todos\u00a0los\u00a0 datos para luego\u00a0hacerlos llegar a dicha Secretar\u00eda\u00bb. El objetivo es, fundamentalmente, que desde all\u00ed notifiquen a la entidad Rural si todos los nombres anotados est\u00e1n en condiciones de cobrar el dinero cuando la Naci\u00f3n lo gire a la Provincia o\u00a0informen si alguna carpeta\u00a0 tiene\u00a0 irregularidades para que no lo sorprenda al productor a \u00faltimo momento.\u00a0 Al respecto el Presidente de la Rural comenta que \u00abnosotros viendo el tiempo que transcurri\u00f3 desde que se inici\u00f3 el tr\u00e1mite a esta parte\u00a0 lo venimos siguiendo constantemente y haciendo reclamos y desde la\u00a0Provincia\u00a0 nos dicen que ellos dependen del dep\u00f3sito que les hagan desde Naci\u00f3n. Nosotros con esta informaci\u00f3n que reunimos de todos los productores que nos han pasado sus datos a la Sociedad Rural, los vamos a llevar, los vamos a cotejar y una vez que sepamos la informaci\u00f3n de que la Naci\u00f3n\u00a0gira el dinero a la Provincia tener en cuenta a qu\u00e9 productores del Departamento Las Colonias, el Gobierno de Santa Fe va a considerar darles el dinero.<\/p>\n<p>Marcelo D\u00e1ndolo se lamenta porque ve que el esfuerzo que desde la instituci\u00f3n se hace no alcanza \u00abEsto ya tiene un a\u00f1o y han habido muchas desprolijidades, incluso productores que han presentado todos los papeles, lamentablemente\u00a0 salieron de la actividad as\u00ed que no vamos a saber qu\u00e9 va a ocurrir con ese dinero\u00bb. Y contin\u00faa diciendo \u00abqueremos transmitirle al productor que desde la Rural seguimos pugnando, seguimos insistiendo,\u00a0 sobre este tema y sobre muchos otros m\u00e1s como ser el de Infraestructura, poni\u00e9ndonos en contacto con el sector pol\u00edtico para que tambi\u00e9n agilicen todas estas cuestiones que escapan a nosotros\u00bb.<\/p>\n<p>La Sociedad Rural es una entidad que tiene el di\u00e1logo abierto siempre. \u00abEvidentemente y es algo que notamos, no hay muchas intenciones\u00a0 porque las respuestas son demasiado lentas y en el medio volvemos a lo mismo de siempre: sembrar una ilusi\u00f3n o sobre una necesidad de los productores\u00a0 que no llega\u00bb. Finalmente D\u00e1ndolo comenta que es importante el n\u00famero de productores que se han acercado o comunicado a la Sociedad Rural \u00abpor eso no bajamos los brazos y seguiremos insistiendo\u00bb.<\/p>\n<p>Sociedad Rural de Las Colonias<\/p>\n<p>&nbsp;<\/p>\n","protected":false},"excerpt":{"rendered":"<p>El Presidente de la Sociedad Rural de Las Colonias, Prof. Marcelo D\u00e1ndolo, da detalles acerca de c\u00f3mo funcion\u00f3 la recepci\u00f3n de informaci\u00f3n para acceder al pago de los cr\u00e9ditos por la Emergencia Agropecuaria<\/p>\n","protected":false},"author":5,"featured_media":0,"comment_status":"open","ping_status":"open","sticky":false,"template":"","format":"standard","meta":[],"categories":[2306],"tags":[954,2259],"_links":{"self":[{"href":"http:\/\/rurallascolonias.com.ar\/index.php?rest_route=\/wp\/v2\/posts\/15984"}],"collection":[{"href":"http:\/\/rurallascolonias.com.ar\/index.php?rest_route=\/wp\/v2\/posts"}],"about":[{"href":"http:\/\/rurallascolonias.com.ar\/index.php?rest_route=\/wp\/v2\/types\/post"}],"author":[{"embeddable":true,"href":"http:\/\/rurallascolonias.com.ar\/index.php?rest_route=\/wp\/v2\/users\/5"}],"replies":[{"embeddable":true,"href":"http:\/\/rurallascolonias.com.ar\/index.php?rest_route=%2Fwp%2Fv2%2Fcomments&post=15984"}],"version-history":[{"count":7,"href":"http:\/\/rurallascolonias.com.ar\/index.php?rest_route=\/wp\/v2\/posts\/15984\/revisions"}],"predecessor-version":[{"id":15991,"href":"http:\/\/rurallascolonias.com.ar\/index.php?rest_route=\/wp\/v2\/posts\/15984\/revisions\/15991"}],"wp:attachment":[{"href":"http:\/\/rurallascolonias.com.ar\/index.php?rest_route=%2Fwp%2Fv2%2Fmedia&parent=15984"}],"wp:term":[{"taxonomy":"category","embeddable":true,"href":"http:\/\/rurallascolonias.com.ar\/index.php?rest_route=%2Fwp%2Fv2%2Fcategories&post=15984"},{"taxonomy":"post_tag","embeddable":true,"href":"http:\/\/rurallascolonias.com.ar\/index.php?rest_route=%2Fwp%2Fv2%2Ftags&post=15984"}],"curies":[{"name":"wp","href":"https:\/\/api.w.org\/{rel}","templated":true}]}}