{"id":15942,"date":"2018-01-22T16:56:05","date_gmt":"2018-01-22T16:56:05","guid":{"rendered":"http:\/\/rurallascolonias.com.ar\/?p=15942"},"modified":"2018-01-22T16:56:05","modified_gmt":"2018-01-22T16:56:05","slug":"otra-lactea-en-crisis-busca-nuevo-socio-o-comprador","status":"publish","type":"post","link":"http:\/\/rurallascolonias.com.ar\/?p=15942","title":{"rendered":"Otra l\u00e1ctea en crisis busca nuevo socio o comprador"},"content":{"rendered":"<p><em><strong><a href=\"http:\/\/rurallascolonias.com.ar\/?attachment_id=15943\" rel=\"attachment wp-att-15943\"><img loading=\"lazy\" class=\"aligncenter size-full wp-image-15943\" src=\"http:\/\/rurallascolonias.com.ar\/wp-content\/uploads\/2018\/01\/vaca-lechera-1200x798-600x400.jpg\" alt=\"\" width=\"600\" height=\"330\" srcset=\"http:\/\/rurallascolonias.com.ar\/wp-content\/uploads\/2018\/01\/vaca-lechera-1200x798-600x400.jpg 600w, http:\/\/rurallascolonias.com.ar\/wp-content\/uploads\/2018\/01\/vaca-lechera-1200x798-600x400-300x165.jpg 300w\" sizes=\"(max-width: 600px) 100vw, 600px\" \/><\/a>En los \u00faltimos d\u00edas se conoci\u00f3\u00a0<a href=\"http:\/\/bichosdecampo.com\/otra-lactea-en-crisis-busca-nuevo-socio-o-comprador\/\">la entrada en convocatoria de la empresa La Suipachense<\/a>\u00a0que se suma a una lista cada vez m\u00e1s larga de l\u00e1cteas con dificultades econ\u00f3micas, listado liderado por Sancor<\/strong><\/em><!--more--><\/p>\n<p>Seg\u00fan fuentes de la producci\u00f3n y de la industria, la que tambi\u00e9n est\u00e1 complicada es la firma Ver\u00f3nica. Desde hace un tiempo, entre los tamberos se rumoreaba sobre diferentes dificultades en la empresa santafecina que tiene 3 plantas ubicadas en las localidades de Suardi, Lehmann y Classon, plena Cuenca lechera y con capacidad para procesar m\u00e1s de 360 millones de litros anuales.<\/p>\n<p>La empresa casi centenaria fue fundada en 1923, y debe su nombre al pueblo bonaerense hom\u00f3nimo, pero en los \u00b460 mud\u00f3 sus instalaciones a Santa Fe, donde comenz\u00f3 su mayor expansi\u00f3n.<\/p>\n<p>La marca es reconocida por la calidad de sus quesos, pero tambi\u00e9n se especializa en la fabricaci\u00f3n de leche en polvo y larga vida; esos son los ejes de su sistema productivo, que tambi\u00e9n incluye otros elaborados como el dulce de leche. \u00a0Con esos productos abastece al mercado interno, pero tambi\u00e9n a la exportaci\u00f3n.<\/p>\n<p>Tantas d\u00e9cadas de inversi\u00f3n y desarrollo no est\u00e1n pudiendo con una de las mayores crisis de la cadena lechera, que pone en jaque a productores y f\u00e1bricas, que no encuentran\u00a0respuestas a la crisis en las pol\u00edticas econ\u00f3micas, y tampoco reciben ofertas de medidas sectoriales que mejoren las perspectivas.<\/p>\n<p>Fuentes de la industria indicaron que la empresa \u00a0\u201chace tiempo que viene complicada, hay s\u00edntomas de dificultades financieras y econ\u00f3micas con lo que produce, y los ingresos que tiene no logran cubrir sus costos operativos para una estructura que parece muy grande\u201d. En ese contexto, indicaron que \u201cse est\u00e1 buscando una salida, capitalizarla de alg\u00fan modo con la entrada de un socio, aunque no se descarta la venta\u201d.<\/p>\n<p>Seg\u00fan especialistas del sector lechero, en Ver\u00f3nica trabajan unas 700 personas, lo que consideraron un n\u00famero muy alto para una actividad que tiene costos crecientes como los de la energ\u00eda, una oferta de materia prima acotada (en 2017 la producci\u00f3n fue otra vez menor a los 10.000 millones de litros), problemas de competitividad para acceder al mercado internacional y un consumo interno afectado por la situaci\u00f3n econ\u00f3mica desde hace tiempo.<\/p>\n","protected":false},"excerpt":{"rendered":"<p>En los \u00faltimos d\u00edas se conoci\u00f3\u00a0la entrada en convocatoria de la empresa La Suipachense\u00a0que se suma a una lista cada vez m\u00e1s larga de l\u00e1cteas con dificultades econ\u00f3micas, listado liderado por Sancor<\/p>\n","protected":false},"author":5,"featured_media":0,"comment_status":"open","ping_status":"open","sticky":false,"template":"","format":"standard","meta":[],"categories":[46],"tags":[2148],"_links":{"self":[{"href":"http:\/\/rurallascolonias.com.ar\/index.php?rest_route=\/wp\/v2\/posts\/15942"}],"collection":[{"href":"http:\/\/rurallascolonias.com.ar\/index.php?rest_route=\/wp\/v2\/posts"}],"about":[{"href":"http:\/\/rurallascolonias.com.ar\/index.php?rest_route=\/wp\/v2\/types\/post"}],"author":[{"embeddable":true,"href":"http:\/\/rurallascolonias.com.ar\/index.php?rest_route=\/wp\/v2\/users\/5"}],"replies":[{"embeddable":true,"href":"http:\/\/rurallascolonias.com.ar\/index.php?rest_route=%2Fwp%2Fv2%2Fcomments&post=15942"}],"version-history":[{"count":1,"href":"http:\/\/rurallascolonias.com.ar\/index.php?rest_route=\/wp\/v2\/posts\/15942\/revisions"}],"predecessor-version":[{"id":15944,"href":"http:\/\/rurallascolonias.com.ar\/index.php?rest_route=\/wp\/v2\/posts\/15942\/revisions\/15944"}],"wp:attachment":[{"href":"http:\/\/rurallascolonias.com.ar\/index.php?rest_route=%2Fwp%2Fv2%2Fmedia&parent=15942"}],"wp:term":[{"taxonomy":"category","embeddable":true,"href":"http:\/\/rurallascolonias.com.ar\/index.php?rest_route=%2Fwp%2Fv2%2Fcategories&post=15942"},{"taxonomy":"post_tag","embeddable":true,"href":"http:\/\/rurallascolonias.com.ar\/index.php?rest_route=%2Fwp%2Fv2%2Ftags&post=15942"}],"curies":[{"name":"wp","href":"https:\/\/api.w.org\/{rel}","templated":true}]}}