{"id":15889,"date":"2018-01-04T17:24:31","date_gmt":"2018-01-04T17:24:31","guid":{"rendered":"http:\/\/rurallascolonias.com.ar\/?p=15889"},"modified":"2018-01-04T17:24:31","modified_gmt":"2018-01-04T17:24:31","slug":"mientras-reduce-su-propia-planta-senasa-obliga-a-los-veterinarios-privados-a-registrarse","status":"publish","type":"post","link":"http:\/\/rurallascolonias.com.ar\/?p=15889","title":{"rendered":"Mientras reduce su propia planta, Senasa obliga a los veterinarios privados a registrarse"},"content":{"rendered":"<p><em><strong><a href=\"http:\/\/rurallascolonias.com.ar\/?attachment_id=15890\" rel=\"attachment wp-att-15890\"><img loading=\"lazy\" class=\"aligncenter size-full wp-image-15890\" src=\"http:\/\/rurallascolonias.com.ar\/wp-content\/uploads\/2018\/01\/vacunaci\u00f3n.jpg\" alt=\"\" width=\"640\" height=\"330\" srcset=\"http:\/\/rurallascolonias.com.ar\/wp-content\/uploads\/2018\/01\/vacunaci\u00f3n.jpg 640w, http:\/\/rurallascolonias.com.ar\/wp-content\/uploads\/2018\/01\/vacunaci\u00f3n-300x155.jpg 300w, http:\/\/rurallascolonias.com.ar\/wp-content\/uploads\/2018\/01\/vacunaci\u00f3n-600x309.jpg 600w, http:\/\/rurallascolonias.com.ar\/wp-content\/uploads\/2018\/01\/vacunaci\u00f3n-624x322.jpg 624w\" sizes=\"(max-width: 640px) 100vw, 640px\" \/><\/a>Cada vez est\u00e1 m\u00e1s claro que la sanidad y el control de los alimentos ser\u00e1 en el futuro una responsabilidad de los actores privados m\u00e1s que del personal estatal del propio Servicio Nacional de Sanidad y Calidad Agroalimentaria (Senasa)<\/strong><\/em><!--more--><\/p>\n<p>En las \u00faltimas horas, el organismo decidi\u00f3 \u201cdespedir\u201d, \u201cdepurar\u201d, \u201cdar por finalizadas las funciones\u201d, \u201cno renovar los contratos\u201d, seg\u00fan sea la fuente de este noticia, de unos 130 agentes en zonas sensibles sobre todo en materia ganadera, como Chaco, Formosa, Corrientes y Santa Fe. Muchos productores aplaudieron la decisi\u00f3n, hartos de tanta burocracia y de la supuesta ineficacia del Senasa, amen de las pizcas de corrupci\u00f3n que cotidianamente se denuncian.\u00a0La Asociaci\u00f3n Trabajadores del Estado (ATE), en cambio, advirti\u00f3 que la Argentina est\u00e1 \u201cen riesgo fitozoosanitario\u201d ante la evidente tercerizaci\u00f3n de funciones del Senasa al sector privado.<\/p>\n<p>Lo m\u00e1s posible es que todos tengan una parte de la raz\u00f3n.<\/p>\n<p>Es muy posible que alguna gente haya sido despedida correctamente, como explicaron a Infocampo funcionarios del Senasa: \u201cLas personas a las cuales no se les renovaron los contratos tienen falta de transparencia en la gesti\u00f3n, sumarios iniciados, duplicaci\u00f3n y triplicaci\u00f3n de puestos laborales, ausencias injustificadas de varios meses, y hasta el caso de una persona que no fue a trabajar durante ocho meses\u201d, dijeron.<\/p>\n<p>Pero tambi\u00e9n es evidente que existe una determinaci\u00f3n pol\u00edtica para transferir al sector privado una mayor responsabilidad y protagonismo en las luchas sanitarias llevadas a cabo por el Estado.<\/p>\n<p>En ese sentido, este jueves se conoci\u00f3 la\u00a0<a href=\"https:\/\/www.boletinoficial.gob.ar\/#!DetalleNorma\/177139\/20180104\" target=\"_blank\" rel=\"noopener noreferrer\">Resoluci\u00f3n 1\/2018.<\/a>\u00a0Dispone que todos los veterinarios y t\u00e9cnicos privados que presten servicios vinculados a los planes de lucha sanitaria contra las distintas enfermedades animales deber\u00e1n inscribirse obligatoriamente en un nuevo registro llamado Sistema \u00danico de Registro (SUR).<\/p>\n<p>La iniciativa se ampara, como muchas otras, en la Ley 27.233, que declar\u00f3 de \u201cinter\u00e9s p\u00fablico\u201d las luchas sanitarias definidas por Senasa y estableci\u00f3 que los productores son quienes tienen la obligaci\u00f3n \u201cprimaria e ineludible\u201d de \u201cvelar y responder por la sanidad, inocuidad, higiene y calidad de su producci\u00f3n\u201d. Esta ley no se le debe atribuir a las iniciativas supuestamente privatizadoras del macrismo. Fue sancionada a fines de 2015, cuando el kirchnerismo todav\u00eda se com\u00eda a todos los chicos crudos.<\/p>\n<p>Lo concreto es que\u00a0el Senasa decidi\u00f3 que todos los veterinarios y t\u00e9cnicos vinculados a los planes veterinarios nacionales tendr\u00e1n que \u201cacreditarse\u201d en el nuevo SUR y estableci\u00f3 un mecanismo para hacerlo. La obligatoriedad de registrarse alcanzar\u00e1\u00a0 hasta a los vacunadores, a los inspectores sanitarios y a \u201cotros operadores privados que pretendan ser autorizados para desempe\u00f1ar tareas sanitarias espec\u00edficas y de bienestar animal\u201d. El listado, una vez que est\u00e9 confeccionado, ser\u00e1 publicado de modo permanente en la p\u00e1gina web del Senasa.<\/p>\n<p>Explica la\u00a0<strong>agencia T\u00e9lam<\/strong>\u00a0que luego de definir el amplio espectro de t\u00e9cnicos y profesionales que deber\u00e1n acreditar su situaci\u00f3n si quieren seguir cooperando con los planes sanitarios nacionales, la Resoluci\u00f3n del Senasa establece que todas estas personas \u201cdeben capacitarse para poder ser registrados en el SUR y obtener as\u00ed la acreditaci\u00f3n y autorizaci\u00f3n correspondiente\u201d. Estas capacitaciones podr\u00e1n ser presenciales o a distancia, seg\u00fan se infiere de la normativa.<\/p>\n<p>La Resoluci\u00f3n menciona que esta obligaci\u00f3n alcanza a los veterinarios y t\u00e9cnicos \u201cinteresados en participar de los planes nacionales de brucelosis, tuberculosis, garrapatas y otras enfermedades de los porcinos, de los equinos, de los peque\u00f1os rumiantes, de los animales acu\u00e1ticos, de las abejas y toda otra enfermedad o de bienestar animal que en el futuro se determine\u201d. Curiosamente no menciona a la fiebre aftosa, una zoonosis que obliga a los privados a vacunar dos veces al a\u00f1o a todo su rodeo bovino.<\/p>\n<p>Una vez acreditados en el nuevo Registro, los veterinarios del sector privado tendr\u00e1n una serie de obligaciones fijadas por esta nueva normativa. No solo realizar las funciones determinadas en los distintos programas sanitarios lanzados por la Direci\u00f3n Nacional de Sanidad Animal sino adem\u00e1s \u201cnotificar enfermedades de Denuncia Obligatoria al Sistema de Vigilancia Epidemiol\u00f3gica de los animales\u201d.<\/p>\n<p>Para ser acreditados, y adem\u00e1s de recibir capacitaci\u00f3n, los veterinarios tendr\u00e1n que presentar su DNI, su CUIT o CUIL y su t\u00edtulo habilitante. Tambi\u00e9n deber\u00e1n \u201cencontrarse matriculado en el Colegio o Consejo de Veterinarios de las provincias en las cuales ejerzan su actividad\u201d, se aclar\u00f3. Los t\u00e9cnicos, inspectores y vacunadores, en tanto, tendr\u00e1n que \u201ccontar con t\u00edtulo habilitante en la tem\u00e1tica sanitaria o cursos de capacitaci\u00f3n o antecedentes t\u00e9cnicos suficientes\u201d.<\/p>\n<p>En su art\u00edculo 7\u00b0, la nueva Resoluci\u00f3n estalece que esta \u201cacreditaci\u00f3n\u201d o licencia tendr\u00e1 una validez de tres a\u00f1os, y que luego de ese plazo los profesionales tendr\u00e1n un a\u00f1o de plazo para \u201crevalidar\u201d su inscripci\u00f3n. Los datos personales y laborales en el Sistema \u00danico de Registro (SUR) deber\u00e1n ser permanentemente actualizados.<\/p>\n","protected":false},"excerpt":{"rendered":"<p>Cada vez est\u00e1 m\u00e1s claro que la sanidad y el control de los alimentos ser\u00e1 en el futuro una responsabilidad de los actores privados m\u00e1s que del personal estatal del propio Servicio Nacional de Sanidad y Calidad Agroalimentaria (Senasa)<\/p>\n","protected":false},"author":5,"featured_media":0,"comment_status":"open","ping_status":"open","sticky":false,"template":"","format":"standard","meta":[],"categories":[14],"tags":[16],"_links":{"self":[{"href":"http:\/\/rurallascolonias.com.ar\/index.php?rest_route=\/wp\/v2\/posts\/15889"}],"collection":[{"href":"http:\/\/rurallascolonias.com.ar\/index.php?rest_route=\/wp\/v2\/posts"}],"about":[{"href":"http:\/\/rurallascolonias.com.ar\/index.php?rest_route=\/wp\/v2\/types\/post"}],"author":[{"embeddable":true,"href":"http:\/\/rurallascolonias.com.ar\/index.php?rest_route=\/wp\/v2\/users\/5"}],"replies":[{"embeddable":true,"href":"http:\/\/rurallascolonias.com.ar\/index.php?rest_route=%2Fwp%2Fv2%2Fcomments&post=15889"}],"version-history":[{"count":1,"href":"http:\/\/rurallascolonias.com.ar\/index.php?rest_route=\/wp\/v2\/posts\/15889\/revisions"}],"predecessor-version":[{"id":15891,"href":"http:\/\/rurallascolonias.com.ar\/index.php?rest_route=\/wp\/v2\/posts\/15889\/revisions\/15891"}],"wp:attachment":[{"href":"http:\/\/rurallascolonias.com.ar\/index.php?rest_route=%2Fwp%2Fv2%2Fmedia&parent=15889"}],"wp:term":[{"taxonomy":"category","embeddable":true,"href":"http:\/\/rurallascolonias.com.ar\/index.php?rest_route=%2Fwp%2Fv2%2Fcategories&post=15889"},{"taxonomy":"post_tag","embeddable":true,"href":"http:\/\/rurallascolonias.com.ar\/index.php?rest_route=%2Fwp%2Fv2%2Ftags&post=15889"}],"curies":[{"name":"wp","href":"https:\/\/api.w.org\/{rel}","templated":true}]}}