{"id":15883,"date":"2018-01-04T17:11:10","date_gmt":"2018-01-04T17:11:10","guid":{"rendered":"http:\/\/rurallascolonias.com.ar\/?p=15883"},"modified":"2018-01-04T17:11:10","modified_gmt":"2018-01-04T17:11:10","slug":"agroindustria-prepara-la-agenda-para-el-g20","status":"publish","type":"post","link":"http:\/\/rurallascolonias.com.ar\/?p=15883","title":{"rendered":"Agroindustria prepara la agenda para el G20"},"content":{"rendered":"<p><em><strong><a href=\"http:\/\/rurallascolonias.com.ar\/?attachment_id=15884\" rel=\"attachment wp-att-15884\"><img loading=\"lazy\" class=\"aligncenter size-full wp-image-15884\" src=\"http:\/\/rurallascolonias.com.ar\/wp-content\/uploads\/2018\/01\/ministerio-de-Agroindustria-nacional-300x300.jpg\" alt=\"\" width=\"300\" height=\"300\" srcset=\"http:\/\/rurallascolonias.com.ar\/wp-content\/uploads\/2018\/01\/ministerio-de-Agroindustria-nacional-300x300.jpg 300w, http:\/\/rurallascolonias.com.ar\/wp-content\/uploads\/2018\/01\/ministerio-de-Agroindustria-nacional-300x300-150x150.jpg 150w\" sizes=\"(max-width: 300px) 100vw, 300px\" \/><\/a>El Gabinete del Ministerio se reuni\u00f3 para definir los temas que se llevar\u00e1n adelante en el marco del Foro que presidir\u00e1 Argentina<\/strong><\/em><!--more--><\/p>\n<p>El Gabinete del Ministerio de Agroindustria de la Naci\u00f3n, representantes del INTA y del Senasa avanzaron en la agenda de temas que se llevar\u00e1 adelante en el marco del G20, del cual Argentina ser\u00e1 el primer pa\u00eds latinoamericano en presidirlo.<\/p>\n<p>El jefe de Gabinete del Ministerio, Santiago del Solar Dorrego, destac\u00f3 que \u201cs\u00f3lo la colaboraci\u00f3n y el trabajo mancomunado entre los pa\u00edses y sus respectivas entidades internacionales permitir\u00e1n cumplir con los objetivos planteados con respecto a las problem\u00e1ticas globales\u201d, al se\u00f1alar la importancia de este Foro, que convoca a otros 19 naciones de todo el globo.<\/p>\n<p>Durante el Foro, los pa\u00edses pondr\u00e1n en agenda nuevamente los t\u00f3picos permanentes que ya han sido desarrollados en oportunidades anteriores, para proponer nuevas visiones, iniciativas y soluciones, a tem\u00e1ticas tales como Seguridad Alimentaria, Infraestructura para el Desarrollo y el empleo del futuro. Adem\u00e1s, se abordar\u00e1n temas como Cambio clim\u00e1tico, el Desarrollo Sostenible, el Comercio Agr\u00edcola, la Investigaci\u00f3n y el desarrollo (TIC\u201dS en Agricultura), la Demanda de Alimentos y las P\u00e9rdidas y Desperdicios que se generan a partir de los mismos, entre otros.<\/p>\n<p>Del encuentro participaron los secretarios de Agricultura Familiar, Coordinaci\u00f3n y Desarrollo Territorial, Santiago Hardie; de Alimentos y Bioeconom\u00eda, Andr\u00e9s Murchinson; los subsecretarios de Alimentos y Bebidas, Mercedes Nimo; de Bioindustria, Mariano Lechardoy; de Lecher\u00eda, Alejandro Sammartino; de Mercados Agropecuarios, Jes\u00fas Silveyra; y de Agricultura, Luis Urriza, entre otros funcionarios.<\/p>\n<p>Fuente: Chacra<\/p>\n","protected":false},"excerpt":{"rendered":"<p>El Gabinete del Ministerio se reuni\u00f3 para definir los temas que se llevar\u00e1n adelante en el marco del Foro que presidir\u00e1 Argentina<\/p>\n","protected":false},"author":5,"featured_media":0,"comment_status":"open","ping_status":"open","sticky":false,"template":"","format":"standard","meta":[],"categories":[33],"tags":[2698,2115,4035],"_links":{"self":[{"href":"http:\/\/rurallascolonias.com.ar\/index.php?rest_route=\/wp\/v2\/posts\/15883"}],"collection":[{"href":"http:\/\/rurallascolonias.com.ar\/index.php?rest_route=\/wp\/v2\/posts"}],"about":[{"href":"http:\/\/rurallascolonias.com.ar\/index.php?rest_route=\/wp\/v2\/types\/post"}],"author":[{"embeddable":true,"href":"http:\/\/rurallascolonias.com.ar\/index.php?rest_route=\/wp\/v2\/users\/5"}],"replies":[{"embeddable":true,"href":"http:\/\/rurallascolonias.com.ar\/index.php?rest_route=%2Fwp%2Fv2%2Fcomments&post=15883"}],"version-history":[{"count":1,"href":"http:\/\/rurallascolonias.com.ar\/index.php?rest_route=\/wp\/v2\/posts\/15883\/revisions"}],"predecessor-version":[{"id":15885,"href":"http:\/\/rurallascolonias.com.ar\/index.php?rest_route=\/wp\/v2\/posts\/15883\/revisions\/15885"}],"wp:attachment":[{"href":"http:\/\/rurallascolonias.com.ar\/index.php?rest_route=%2Fwp%2Fv2%2Fmedia&parent=15883"}],"wp:term":[{"taxonomy":"category","embeddable":true,"href":"http:\/\/rurallascolonias.com.ar\/index.php?rest_route=%2Fwp%2Fv2%2Fcategories&post=15883"},{"taxonomy":"post_tag","embeddable":true,"href":"http:\/\/rurallascolonias.com.ar\/index.php?rest_route=%2Fwp%2Fv2%2Ftags&post=15883"}],"curies":[{"name":"wp","href":"https:\/\/api.w.org\/{rel}","templated":true}]}}