{"id":15868,"date":"2017-12-28T17:03:30","date_gmt":"2017-12-28T17:03:30","guid":{"rendered":"http:\/\/rurallascolonias.com.ar\/?p=15868"},"modified":"2017-12-28T19:05:43","modified_gmt":"2017-12-28T19:05:43","slug":"hechos-lecheria-personas","status":"publish","type":"post","link":"http:\/\/rurallascolonias.com.ar\/?p=15868","title":{"rendered":"El a\u00f1o cierra con elevadas temperaturas"},"content":{"rendered":"<h3><em><strong><a href=\"http:\/\/rurallascolonias.com.ar\/?attachment_id=689\" rel=\"attachment wp-att-689\"><img loading=\"lazy\" class=\"aligncenter size-full wp-image-689\" src=\"http:\/\/rurallascolonias.com.ar\/wp-content\/uploads\/2013\/12\/altas-temperaturas-2.jpg\" alt=\"\" width=\"259\" height=\"194\" \/><\/a>La semana se caracterizar\u00e1 por presentar condiciones variables a lo largo del per\u00edodo, con cambio en los registros t\u00e9rmicos y desarrollo disperso de lluvias y tormentas en distintos puntos del pa\u00eds<\/strong><\/em><\/h3>\n<p><!--more--><\/p>\n<p><span class=\"vw-dropcap vw-dropcap-standard\">H<\/span>abr\u00e1 varios momentos en los que las temperaturas ser\u00e1n extremas, pero el momento principal ser\u00e1 el s\u00e1bado, donde un amplio sector del pa\u00eds podr\u00eda presentar temperaturas superiores a los 40\u00baC.<\/p>\n<p>Para\u00a0hoy mi\u00e9rcoles, se prev\u00e9 que el sistema frontal fr\u00edo siga avanzando hacia el norte, afectando al extremo norte de La Pampa y Buenos Aires, gran parte de la provincia de San Luis, Mendoza, San Juan y se suman algunos sectores de la provincia de C\u00f3rdoba.<\/p>\n<p>Adem\u00e1s el jueves, las lluvias y tormentas seguir\u00e1n desplaz\u00e1ndose hacia el norte, acompa\u00f1ando el avance del sistema frontal fr\u00edo hacia el norte del pa\u00eds.<\/p>\n<p>A medida que las tormentas se trasladen hacia la porci\u00f3n norte del pa\u00eds, se observar\u00e1 que ir\u00e1n ganando fuerza, ya que habr\u00e1 mayor contenido de humedad en las capas bajas de la atm\u00f3sfera y temperaturas m\u00e1s elevadas, por lo que las condiciones de inestabilidad ser\u00e1n muy importantes.<\/p>\n<p>El viernes se prev\u00e9 que el sistema frontal abandone el territorio nacional.<\/p>\n<p>En tanto el fin de semana se prev\u00e9 que el sistema frontal fr\u00edo siga avanzando por la zona central del pa\u00eds, provocando el desarrollo de lluvias y tormentas de variada intensidad. En general, las precipitaciones m\u00e1s abundantes no superar\u00e1n los 10mm, con eventos puntuales, donde se podr\u00edan observar acumulados levemente superiores a los 20mm.<\/p>\n<p>El domingo, el sistema frontal fr\u00edo avanzar\u00e1 hacia el norte y ganar\u00e1 intensidad, por lo que se prev\u00e9 que comience a desarrollar lluvias y tormentas de variada intensidad, con eventos que pueden ser importantes.<\/p>\n<p>Fuente: SMN\/CCA\/Newsagrofyo.com<\/p>\n","protected":false},"excerpt":{"rendered":"<p>La semana se caracterizar\u00e1 por presentar condiciones variables a lo largo del per\u00edodo, con cambio en los registros t\u00e9rmicos y desarrollo disperso de lluvias y tormentas en distintos puntos del pa\u00eds<\/p>\n","protected":false},"author":5,"featured_media":0,"comment_status":"open","ping_status":"open","sticky":false,"template":"","format":"standard","meta":[],"categories":[1],"tags":[],"_links":{"self":[{"href":"http:\/\/rurallascolonias.com.ar\/index.php?rest_route=\/wp\/v2\/posts\/15868"}],"collection":[{"href":"http:\/\/rurallascolonias.com.ar\/index.php?rest_route=\/wp\/v2\/posts"}],"about":[{"href":"http:\/\/rurallascolonias.com.ar\/index.php?rest_route=\/wp\/v2\/types\/post"}],"author":[{"embeddable":true,"href":"http:\/\/rurallascolonias.com.ar\/index.php?rest_route=\/wp\/v2\/users\/5"}],"replies":[{"embeddable":true,"href":"http:\/\/rurallascolonias.com.ar\/index.php?rest_route=%2Fwp%2Fv2%2Fcomments&post=15868"}],"version-history":[{"count":2,"href":"http:\/\/rurallascolonias.com.ar\/index.php?rest_route=\/wp\/v2\/posts\/15868\/revisions"}],"predecessor-version":[{"id":15870,"href":"http:\/\/rurallascolonias.com.ar\/index.php?rest_route=\/wp\/v2\/posts\/15868\/revisions\/15870"}],"wp:attachment":[{"href":"http:\/\/rurallascolonias.com.ar\/index.php?rest_route=%2Fwp%2Fv2%2Fmedia&parent=15868"}],"wp:term":[{"taxonomy":"category","embeddable":true,"href":"http:\/\/rurallascolonias.com.ar\/index.php?rest_route=%2Fwp%2Fv2%2Fcategories&post=15868"},{"taxonomy":"post_tag","embeddable":true,"href":"http:\/\/rurallascolonias.com.ar\/index.php?rest_route=%2Fwp%2Fv2%2Ftags&post=15868"}],"curies":[{"name":"wp","href":"https:\/\/api.w.org\/{rel}","templated":true}]}}