{"id":15854,"date":"2017-12-22T10:00:56","date_gmt":"2017-12-22T10:00:56","guid":{"rendered":"http:\/\/rurallascolonias.com.ar\/?p=15854"},"modified":"2017-12-22T17:02:44","modified_gmt":"2017-12-22T17:02:44","slug":"soja-2018-en-alerta-por-los-precios","status":"publish","type":"post","link":"http:\/\/rurallascolonias.com.ar\/?p=15854","title":{"rendered":"Soja 2018: En alerta por los precios"},"content":{"rendered":"<h2 class=\"description\"><em><a href=\"http:\/\/rurallascolonias.com.ar\/?attachment_id=13104\" rel=\"attachment wp-att-13104\"><img loading=\"lazy\" class=\"aligncenter size-full wp-image-13104\" src=\"http:\/\/rurallascolonias.com.ar\/wp-content\/uploads\/2017\/01\/soja.jpg\" alt=\"\" width=\"280\" height=\"157\" \/><\/a>An\u00e1lisis a tener en cuenta a la hora de la comercializaci\u00f3n para la pr\u00f3xima campa\u00f1a<\/em><\/h2>\n<p><!--more--><\/p>\n<p>De acuerdo a un informe econ\u00f3mico de Mat\u00edas Lestani, del Departamento Econ\u00f3mico de CRA \u00abuna serie de factores se vienen concatenando, demarcando un escenario complicado desde el punto de vista de precios para la pr\u00f3xima cosecha, generando una\u00a0<b>luz amarilla para los productores y el Ministerio de Agroindustria\u00bb.<\/b><\/p>\n<p>La din\u00e1mica sufrida en los \u00faltimos tiempos por los mercados de destino de nuestra producci\u00f3n de soja, permiten esperar una menor demanda de parte de la industria, que\u00a0<b>podr\u00eda reflejarse en una sustancial baja de precios<\/b>\u00a0en los futuros de la oleaginosa, diversos son los factores ex\u00f3genos que tendr\u00e1n un efecto en el corto plazo.<\/p>\n<p>Por un lado tenemos el\u00a0<b>cierre del mercado de los Estados Unidos al biodiesel local<\/b>\u00a0a partir de Agosto del presente a\u00f1o,\u00a0<b>un mercado de 1300 millones de d\u00f3lares anuales<\/b>, si bien se logro reabrir el mercado de la\u00a0<b>Uni\u00f3n Europea<\/b>\u00a0que representa para\u00a0<b>este a\u00f1o un mercado de 280 millones de d\u00f3lares<\/b>, se sabe que la misma\u00a0<b>est\u00e1 recibiendo una fuerte presi\u00f3n de su industria para elevar los aranceles a la importaci\u00f3n de biodi\u00e9sel proveniente de la Argentina<\/b>\u00a0y es muy\u00a0<b>probable que lleve adelante un reclamo similar al norteamericano<\/b>,\u00a0<b>con base en las asimetr\u00edas entre el porcentaje de retenci\u00f3n al aceite de soja y el biodiesel<\/b>.<\/p>\n<p>A esto hay que sumar la posici\u00f3n\u00a0<b>impulsada por Francia en la Uni\u00f3n Europea<\/b>\u00a0<b>de prohibir el ingreso de productos agr\u00edcolas\u00a0<\/b>que\u00a0<b>fueran tratados con glifosato<\/b>, algunos informes hablan de una\u00a0<b>perdida de ventas externas para la Argentina de $ 17000 millones (Pesos)<\/b>.<\/p>\n<p><b>China viene demorando su proceso de normalizaci\u00f3n de compras de aceite de soja argentino<\/b>, bache que fue cubierto en parte por\u00a0<b>India<\/b>\u00a0que se llevo casi\u00a0<b>la mitad de las exportaciones de aceite de soja local<\/b>, pero que en los \u00faltimos d\u00edas\u00a0<b>elevo su tasa de derechos de importaci\u00f3n<\/b>\u00a0de aceites vegetales\u00a0<b>del 17 % al 30 %<\/b>, entre ellos el de soja.<\/p>\n<p>Hace tres semanas el SENASICA, la autoridad sanitaria de M\u00e9xico, revoc\u00f3 el permiso de comercializaci\u00f3n de soja modificada gen\u00e9ticamente en siete estados.<\/p>\n<p>En cuanto a los\u00a0<b>factores end\u00f3genos<\/b>\u00a0hay que recordar que todav\u00eda\u00a0<b>quedan en manos de los productores algo m\u00e1s de 17 millones de toneladas<\/b>\u00a0de soja de la\u00a0<b>campa\u00f1a 2016\/2017<\/b>, y algo m\u00e1s\u00a0<b>de 6 millones de toneladas todav\u00eda est\u00e1n bajo la modalidad de precio a fijar<\/b>, es decir\u00a0<b>algo m\u00e1s de 23 millones de toneladas expuestas a sufrir una variaci\u00f3n negativa<\/b>\u00a0en los retornos esperados.<\/p>\n<p>El Ministerio tiene que tomar las medidas preventivas necesarias para atenuar el impacto en el sector acelerando la activaci\u00f3n de la postergada rebaja del 0,5 % mensual a las retenciones de soja, recordemos que despu\u00e9s de la baja de retenciones de Diciembre de 2015 del 35 al 30 %, se incumpli\u00f3 con la baja anunciada del 5 % para el 2016, solo se otorgo un reintegro a la Soja del Norte por un 5% de la cual todav\u00eda hay productores en espera para verla plasmada.<\/p>\n<p>CRA<\/p>\n","protected":false},"excerpt":{"rendered":"<p>An\u00e1lisis a tener en cuenta a la hora de la comercializaci\u00f3n para la pr\u00f3xima campa\u00f1a<\/p>\n","protected":false},"author":5,"featured_media":0,"comment_status":"open","ping_status":"open","sticky":false,"template":"","format":"standard","meta":[],"categories":[18],"tags":[95,2095,30,2407],"_links":{"self":[{"href":"http:\/\/rurallascolonias.com.ar\/index.php?rest_route=\/wp\/v2\/posts\/15854"}],"collection":[{"href":"http:\/\/rurallascolonias.com.ar\/index.php?rest_route=\/wp\/v2\/posts"}],"about":[{"href":"http:\/\/rurallascolonias.com.ar\/index.php?rest_route=\/wp\/v2\/types\/post"}],"author":[{"embeddable":true,"href":"http:\/\/rurallascolonias.com.ar\/index.php?rest_route=\/wp\/v2\/users\/5"}],"replies":[{"embeddable":true,"href":"http:\/\/rurallascolonias.com.ar\/index.php?rest_route=%2Fwp%2Fv2%2Fcomments&post=15854"}],"version-history":[{"count":1,"href":"http:\/\/rurallascolonias.com.ar\/index.php?rest_route=\/wp\/v2\/posts\/15854\/revisions"}],"predecessor-version":[{"id":15855,"href":"http:\/\/rurallascolonias.com.ar\/index.php?rest_route=\/wp\/v2\/posts\/15854\/revisions\/15855"}],"wp:attachment":[{"href":"http:\/\/rurallascolonias.com.ar\/index.php?rest_route=%2Fwp%2Fv2%2Fmedia&parent=15854"}],"wp:term":[{"taxonomy":"category","embeddable":true,"href":"http:\/\/rurallascolonias.com.ar\/index.php?rest_route=%2Fwp%2Fv2%2Fcategories&post=15854"},{"taxonomy":"post_tag","embeddable":true,"href":"http:\/\/rurallascolonias.com.ar\/index.php?rest_route=%2Fwp%2Fv2%2Ftags&post=15854"}],"curies":[{"name":"wp","href":"https:\/\/api.w.org\/{rel}","templated":true}]}}