{"id":1583,"date":"2014-02-27T16:52:17","date_gmt":"2014-02-27T16:52:17","guid":{"rendered":"http:\/\/rurallascolonias.com.ar\/?p=1583"},"modified":"2014-02-27T16:52:17","modified_gmt":"2014-02-27T16:52:17","slug":"se-reunio-la-comision-provincial-de-emergencia-agropecuaria","status":"publish","type":"post","link":"http:\/\/rurallascolonias.com.ar\/?p=1583","title":{"rendered":"SE REUNI\u00d3 LA COMISI\u00d3N PROVINCIAL DE EMERGENCIA AGROPECUARIA"},"content":{"rendered":"<p><em><a href=\"http:\/\/rurallascolonias.com.ar\/wp-content\/uploads\/2014\/02\/Comisi\u00f3n-Emergencia-Agropecuaria.jpg\"><img loading=\"lazy\" class=\"aligncenter size-full wp-image-1584\" alt=\"Comisi\u00f3n Emergencia Agropecuaria\" src=\"http:\/\/rurallascolonias.com.ar\/wp-content\/uploads\/2014\/02\/Comisi\u00f3n-Emergencia-Agropecuaria.jpg\" width=\"306\" height=\"165\" srcset=\"http:\/\/rurallascolonias.com.ar\/wp-content\/uploads\/2014\/02\/Comisi\u00f3n-Emergencia-Agropecuaria.jpg 306w, http:\/\/rurallascolonias.com.ar\/wp-content\/uploads\/2014\/02\/Comisi\u00f3n-Emergencia-Agropecuaria-300x161.jpg 300w\" sizes=\"(max-width: 306px) 100vw, 306px\" \/><\/a>Por pedido del ministro de la Producci\u00f3n, Carlos Fascendini se reuni\u00f3 la Comisi\u00f3n Provincial de Emergencia Agropecuaria, con el fin de abordar la situaci\u00f3n especial que atraviesan distritos del Departamento Castellanos, a causa de la gran cantidad de lluvias recibidas en los \u00faltimos meses.<!--more--><\/em><\/p>\n<p>El encuentro fue presidido por los secretarios del Sistema H\u00eddrico, Forestal y Minero, Roberto Ti\u00f3n y del Sistema Agropecuario, Luis Contigiani, y cont\u00f3 con la presencia de representantes de distintas \u00e1reas de gobierno, integrantes de las comisiones de Agricultura y Ganader\u00eda de ambas c\u00e1maras legislativas, delegados de cada una de las entidades vinculadas a la actividad agropecuaria de la Provincia e INTA, entre otros.<\/p>\n<p>Culminada la reuni\u00f3n, Ti\u00f3n inform\u00f3: \u00abEl encuentro fue convocado r\u00e1pidamente ante los pedidos de las localidades de Bauer, Santa Clara de Saguier y Josefina que est\u00e1n atravesando una situaci\u00f3n especial a partir de la gran cantidad de lluvias que recibi\u00f3 el territorio en los \u00faltimos cuatro meses. Para tomar magnitud, en dos meses llovi\u00f3 casi la mitad de los valores previstos para el a\u00f1o\u00bb.<\/p>\n<p>\u00abAnte el pedido de estas localidades y la situaci\u00f3n similar evaluada en algunos distritos de la zona, la Comisi\u00f3n determin\u00f3 recomendar que se decrete la Emergencia Agropecuaria por inundaci\u00f3n en la regi\u00f3n en cuesti\u00f3n\u00bb, agreg\u00f3.<\/p>\n<p>Asimismo, Ti\u00f3n se\u00f1al\u00f3: \u00abTambi\u00e9n se dio lugar a un pedido de pr\u00f3rroga por seis meses a la emergencia por sequ\u00eda en el Departamento 9 de Julio. Si bien en febrero ha llovido, en los distritos de Tostado hacia el norte la situaci\u00f3n era tan cr\u00edtica que no es suficiente para solucionar los problemas que se acarrean desde 2008 hasta ahora\u00bb.<\/p>\n<p>La Comisi\u00f3n Provincial de Emergencia Agropecuaria tiene car\u00e1cter consultivo, est\u00e1 presidida por el ministro de la Producci\u00f3n e integrada por un representante del Ministerio de Econom\u00eda; uno de la Secretar\u00eda de Regiones, Municipios y Comunas; un representante por las comisiones de Agricultura y Ganader\u00eda de ambas C\u00e1maras legislativas; y un representante de cada una de las entidades vinculadas a la actividad agropecuaria de la provincia.<\/p>\n<p>Entre sus atribuciones se encuentra la de proponer al Poder Ejecutivo provincial, a trav\u00e9s del Ministerio de la Producci\u00f3n, la declaraci\u00f3n o pr\u00f3rroga de Emergencia Agropecuaria, o Zona de Desastre, en \u00e1reas territoriales determinadas a nivel de distrito, cuando factores de origen clim\u00e1tico, tel\u00farico, biol\u00f3gico o f\u00edsico afecten la producci\u00f3n o la capacidad de producci\u00f3n de una regi\u00f3n.<\/p>\n<p>Asimismo, est\u00e1 habilitada para gestionar ante las instituciones bancarias la concesi\u00f3n de pr\u00f3rrogas especiales de los plazos para el cumplimiento de las obligaciones contra\u00eddas por los productores afectados por la emergencia o desastre, as\u00ed como el otorgamiento de cr\u00e9ditos especiales.<\/p>\n<p>La Comisi\u00f3n Provincial de Emergencia Agropecuaria est\u00e1 facultada para proyectar, organizar y coordinar las medidas necesarias para disminuir o anular los efectos da\u00f1osos derivados de aquellos eventos meteorol\u00f3gicos, proponiendo las soluciones que estime id\u00f3neas a las \u00e1reas que correspondan.<\/p>\n<p><strong>ON24<\/strong><\/p>\n","protected":false},"excerpt":{"rendered":"<p>Por pedido del ministro de la Producci\u00f3n, Carlos Fascendini se reuni\u00f3 la Comisi\u00f3n Provincial de Emergencia Agropecuaria, con el fin de abordar la situaci\u00f3n especial que atraviesan distritos del Departamento Castellanos, a causa de la gran cantidad de lluvias recibidas en los \u00faltimos meses.<\/p>\n","protected":false},"author":5,"featured_media":0,"comment_status":"closed","ping_status":"closed","sticky":false,"template":"","format":"standard","meta":[],"categories":[42],"tags":[94,644,645,643],"_links":{"self":[{"href":"http:\/\/rurallascolonias.com.ar\/index.php?rest_route=\/wp\/v2\/posts\/1583"}],"collection":[{"href":"http:\/\/rurallascolonias.com.ar\/index.php?rest_route=\/wp\/v2\/posts"}],"about":[{"href":"http:\/\/rurallascolonias.com.ar\/index.php?rest_route=\/wp\/v2\/types\/post"}],"author":[{"embeddable":true,"href":"http:\/\/rurallascolonias.com.ar\/index.php?rest_route=\/wp\/v2\/users\/5"}],"replies":[{"embeddable":true,"href":"http:\/\/rurallascolonias.com.ar\/index.php?rest_route=%2Fwp%2Fv2%2Fcomments&post=1583"}],"version-history":[{"count":1,"href":"http:\/\/rurallascolonias.com.ar\/index.php?rest_route=\/wp\/v2\/posts\/1583\/revisions"}],"predecessor-version":[{"id":1585,"href":"http:\/\/rurallascolonias.com.ar\/index.php?rest_route=\/wp\/v2\/posts\/1583\/revisions\/1585"}],"wp:attachment":[{"href":"http:\/\/rurallascolonias.com.ar\/index.php?rest_route=%2Fwp%2Fv2%2Fmedia&parent=1583"}],"wp:term":[{"taxonomy":"category","embeddable":true,"href":"http:\/\/rurallascolonias.com.ar\/index.php?rest_route=%2Fwp%2Fv2%2Fcategories&post=1583"},{"taxonomy":"post_tag","embeddable":true,"href":"http:\/\/rurallascolonias.com.ar\/index.php?rest_route=%2Fwp%2Fv2%2Ftags&post=1583"}],"curies":[{"name":"wp","href":"https:\/\/api.w.org\/{rel}","templated":true}]}}