{"id":15814,"date":"2017-12-14T16:42:53","date_gmt":"2017-12-14T16:42:53","guid":{"rendered":"http:\/\/rurallascolonias.com.ar\/?p=15814"},"modified":"2017-12-14T16:42:53","modified_gmt":"2017-12-14T16:42:53","slug":"para-chemes-el-balance-de-la-lecheria-en-los-dos-anos-de-macri-es-malo","status":"publish","type":"post","link":"http:\/\/rurallascolonias.com.ar\/?p=15814","title":{"rendered":"Para Chemes, el balance de la lecher\u00eda en los dos a\u00f1os de Macri \u201ces malo\u201d"},"content":{"rendered":"<p><em><strong><a href=\"http:\/\/rurallascolonias.com.ar\/?attachment_id=226\" rel=\"attachment wp-att-226\"><img loading=\"lazy\" class=\"aligncenter size-full wp-image-226\" src=\"http:\/\/rurallascolonias.com.ar\/wp-content\/uploads\/2013\/11\/Chemes-en-la-protesta-tambera-300x133.jpg\" alt=\"\" width=\"300\" height=\"133\" \/><\/a>El vice de CRA y productor tambero dijo que \u201chasta ahora el esfuerzo del Gobierno estuvo concentrado en recabar informaci\u00f3n, pero a\u00fan no pas\u00f3 al plano de la acci\u00f3n\u201d<\/strong><\/em><!--more--><\/p>\n<p>El vicepresidente de Confederaciones Rurales Argentinas (CRA) y productor tambero en Entre R\u00edos, Jorge Chemes analiz\u00f3 la gesti\u00f3n del Gobierno Nacional para el sector lechero y consider\u00f3 que el balance de los dos a\u00f1os \u201ces malo\u201d.<\/p>\n<p>\u201cHasta ahora el esfuerzo del Gobierno estuvo concentrado en recabar informaci\u00f3n, pero a\u00fan no se ha pasado al plano de la acci\u00f3n, y en dos a\u00f1os esa indefinici\u00f3n pone en zozobra todo el segmento\u201d, expres\u00f3 Chemes en declaraciones a la agencia T\u00e9lam.<\/p>\n<p>Seg\u00fan el dirigente rural, el sector lechero \u201cno tiene pol\u00edticas de recuperaci\u00f3n\u201d y \u201cpermanece estancado en una de las crisis m\u00e1s largas\u201d, algo que \u201carroja un tremendo resultado para el pa\u00eds, para el consumo y fundamentalmente para los productores\u201d.<\/p>\n<p>\u201cLa lecher\u00eda se ameset\u00f3 en una de sus crisis m\u00e1s largas y se acopla a este mal momento la falta de decisi\u00f3n pol\u00edtica para torcer esta realidad\u201d, asegur\u00f3, al tiempo que remarc\u00f3 que \u201ccon la estad\u00edstica sola no vamos a ninguna parte\u201d. \u201cYa es tiempo de que el dato duro tenga su correlato en las pol\u00edticas. El campo, y tambi\u00e9n con certeza la lecher\u00eda, quieren ser eficientes pero para lograrlo es importante que se generen las condiciones\u201d, declar\u00f3.<\/p>\n<p>Entre los principales conflictos, Chemes destac\u00f3 \u201clos costos de producci\u00f3n, el peso de la presi\u00f3n impositiva y las dificultades de acceso al cr\u00e9dito\u201d y afirm\u00f3 que \u201ccon esas condiciones el margen de sobrevida de los peque\u00f1os tambos es muy escaso\u201d.<\/p>\n<p>\u201cNosotros tambi\u00e9n queremos poner en marcha los motores de los tambos aunque no podemos soslayar que el Estado se queda con una buena parte de la producci\u00f3n a trav\u00e9s de los impuestos, y que los costos de materia prima y de los insumos como el combustible y la electricidad no ayudan en la ecuaci\u00f3n en la que el precio del litro de leche en tranquera, es lo \u00fanico barato\u201d, sostuvo.<\/p>\n<p>Sin embargo, para el vice de CRA \u201chubo para otros segmentos de la producci\u00f3n medidas que permitieron su reactivaci\u00f3n\u201d. \u201cEl campo fue el primero en confiar en este gobierno y los n\u00fameros son claros en eso\u201d, lanz\u00f3.<\/p>\n<p>\u201cReactivamos la industria metalmec\u00e1nica con la compra y venta de maquinaria, diversificamos la producci\u00f3n agropecuaria y colaboramos en la reinserci\u00f3n del pa\u00eds en los mercados internacionales a partir de las carnes y ciertos granos, ahora es tiempo que la lecheria tenga sus pol\u00edticas para que se sume a los que empezaron a despegar\u201d, cerr\u00f3 Chemes.<\/p>\n<p>&nbsp;<\/p>\n","protected":false},"excerpt":{"rendered":"<p>El vice de CRA y productor tambero dijo que \u201chasta ahora el esfuerzo del Gobierno estuvo concentrado en recabar informaci\u00f3n, pero a\u00fan no pas\u00f3 al plano de la acci\u00f3n\u201d<\/p>\n","protected":false},"author":5,"featured_media":0,"comment_status":"open","ping_status":"open","sticky":false,"template":"","format":"standard","meta":[],"categories":[14],"tags":[285,2724,12,2439,1709],"_links":{"self":[{"href":"http:\/\/rurallascolonias.com.ar\/index.php?rest_route=\/wp\/v2\/posts\/15814"}],"collection":[{"href":"http:\/\/rurallascolonias.com.ar\/index.php?rest_route=\/wp\/v2\/posts"}],"about":[{"href":"http:\/\/rurallascolonias.com.ar\/index.php?rest_route=\/wp\/v2\/types\/post"}],"author":[{"embeddable":true,"href":"http:\/\/rurallascolonias.com.ar\/index.php?rest_route=\/wp\/v2\/users\/5"}],"replies":[{"embeddable":true,"href":"http:\/\/rurallascolonias.com.ar\/index.php?rest_route=%2Fwp%2Fv2%2Fcomments&post=15814"}],"version-history":[{"count":1,"href":"http:\/\/rurallascolonias.com.ar\/index.php?rest_route=\/wp\/v2\/posts\/15814\/revisions"}],"predecessor-version":[{"id":15815,"href":"http:\/\/rurallascolonias.com.ar\/index.php?rest_route=\/wp\/v2\/posts\/15814\/revisions\/15815"}],"wp:attachment":[{"href":"http:\/\/rurallascolonias.com.ar\/index.php?rest_route=%2Fwp%2Fv2%2Fmedia&parent=15814"}],"wp:term":[{"taxonomy":"category","embeddable":true,"href":"http:\/\/rurallascolonias.com.ar\/index.php?rest_route=%2Fwp%2Fv2%2Fcategories&post=15814"},{"taxonomy":"post_tag","embeddable":true,"href":"http:\/\/rurallascolonias.com.ar\/index.php?rest_route=%2Fwp%2Fv2%2Ftags&post=15814"}],"curies":[{"name":"wp","href":"https:\/\/api.w.org\/{rel}","templated":true}]}}