{"id":15811,"date":"2017-12-12T17:29:38","date_gmt":"2017-12-12T17:29:38","guid":{"rendered":"http:\/\/rurallascolonias.com.ar\/?p=15811"},"modified":"2017-12-12T17:29:38","modified_gmt":"2017-12-12T17:29:38","slug":"a-dos-anos-del-nuevo-gobierno-que-opina-el-campo","status":"publish","type":"post","link":"http:\/\/rurallascolonias.com.ar\/?p=15811","title":{"rendered":"A dos a\u00f1os del nuevo gobierno: \u00bfqu\u00e9 opina el campo?"},"content":{"rendered":"<h3><em><a href=\"http:\/\/rurallascolonias.com.ar\/?attachment_id=15812\" rel=\"attachment wp-att-15812\"><img loading=\"lazy\" class=\"aligncenter size-full wp-image-15812\" src=\"http:\/\/rurallascolonias.com.ar\/wp-content\/uploads\/2017\/12\/vacuno.jpg\" alt=\"\" width=\"750\" height=\"500\" srcset=\"http:\/\/rurallascolonias.com.ar\/wp-content\/uploads\/2017\/12\/vacuno.jpg 750w, http:\/\/rurallascolonias.com.ar\/wp-content\/uploads\/2017\/12\/vacuno-300x200.jpg 300w, http:\/\/rurallascolonias.com.ar\/wp-content\/uploads\/2017\/12\/vacuno-600x400.jpg 600w, http:\/\/rurallascolonias.com.ar\/wp-content\/uploads\/2017\/12\/vacuno-624x416.jpg 624w\" sizes=\"(max-width: 750px) 100vw, 750px\" \/><\/a>Al cumplirse la mitad del mandato del gobierno de Cambiemos, los actores pol\u00edticos, gremiales, productivos y empresariales hacen un balance de la gesti\u00f3n de Mauricio Macri<\/em><\/h3>\n<p><!--more--><\/p>\n<p><span class=\"vw-dropcap vw-dropcap-standard\">L<\/span>a gesti\u00f3n nacional al mando de Mauricio Macri lleg\u00f3 a los dos a\u00f1os. Es por eso que consultamos a los actores m\u00e1s importantes del sector y todos realizaron un balance de este per\u00edodo en los principales temas que afectan al campo: retenciones, exportaci\u00f3n, ROES, impuestos, reforma laboral, cr\u00e9ditos, inversiones, log\u00edstica, costos, econom\u00edas regionales, entre otros. Esto fue lo que opinaron:<\/p>\n<p><strong>Reclamos gremiales<\/strong><\/p>\n<p>Omar Pr\u00edncipe, Presidente de la Federaci\u00f3n Agraria Argentina sostuvo: \u201cSiempre valoramos la apertura al di\u00e1logo porque creemos que es la manera de mejorar y producir el cambio en la matriz productiva que venimos pidiendo hace mucho. Vemos que el gobierno est\u00e1 en piloto autom\u00e1tico con el sector agropecuario. Hay falta de definiciones para identificar los distintos sectores del agro. Hay un gran esfuerzo por creer y hacer creer que el campo es algo homog\u00e9neo\u201d.<\/p>\n<p>En este sentido agreg\u00f3 que hay mucho por hacer y visibilizar en la sociedad y agenda pol\u00edtica, que el campo no es todo igual, no somos todos iguales y que necesitamos pol\u00edticas p\u00fablicas \u201cque deber\u00edan ser pol\u00edticas de Estado para garantizar el acceso al trabajo, la tierra y la producci\u00f3n de peque\u00f1os y medianos productores, que somos los que generamos el valor agregado y la toma de mano de obra que necesita el pa\u00eds\u201d.<\/p>\n<p>Adem\u00e1s Dardo Chiesa, Presidente de CRA a\u00f1adi\u00f3: \u201cLa gesti\u00f3n del presidente ha sido positiva en funci\u00f3n de que cambi\u00f3 el respeto institucional en la Rep\u00fablica Argentina. Para nuestro sector volvi\u00f3 la libertad de comercio, se eliminaron los ROES, las trabas y se eliminaron retenciones. En soja falta todav\u00eda, pero vamos por ese camino. Queda por delante en este marco trabajar porque Argentina qued\u00f3 cara, ya que el gobierno encar\u00f3 una lucha contra la inflaci\u00f3n y el desaf\u00edo es que tenemos un d\u00f3lar retrasado, (no pretendemos una devaluaci\u00f3n) y pretendemos una reforma impositiva y laboral que nos baje costos para retomar competitividad. Nuestros productos tienen calidad y nos cuesta hacer negocios en el exterior, nos cuesta colocar productos porque estamos en una relaci\u00f3n de precios caros. Hay mucho que debatir y trabajar\u201d, ampli\u00f3.<\/p>\n<p>Tambi\u00e9n agreg\u00f3 que \u201chubo aumento de inmobiliarios que no deber\u00edan haberse producido, problemas con el gasoil, con los impuestos internos y much\u00edsimo m\u00e1s para debatir. En general el balance no es malo, y fuerte el desaf\u00edo\u201d.<\/p>\n<p><strong>Contratistas<\/strong><\/p>\n<p>Carlos Castellani, titular de Apache, puntualiz\u00f3: \u201cEstamos muy contentos porque desde el 2015 que lleg\u00f3 este gobierno, las f\u00e1bricas de maquinaria tenemos un protagonismo importante. Hemos invertido y muchas f\u00e1bricas tambi\u00e9n lo est\u00e1n haciendo. La salida del cepo, la baja de las retenciones y los cr\u00e9ditos de los bancos a largo plazo produjeron una reactivaci\u00f3n en las f\u00e1bricas. Ojal\u00e1 que la inflaci\u00f3n sea definitivamente derrotada para que llegue la financiaci\u00f3n para los proyectos a tasas de un d\u00edgito. Yo lo veo positivo, estamos creciendo, antes funcion\u00e1bamos nosotros solos. Yo tengo fe porque el presidente quiere hacer las cosas bien. El mundo nos ve bien\u201d.<\/p>\n<p><strong>Cadenas de Valor<\/strong><\/p>\n<p>Alberto Morelli, Presidente de Maizar: \u201cComo balance de estos dos a\u00f1os estamos conformes, ya que se tom\u00f3 la medida que est\u00e1bamos esperando hace mucho y que era uno de los factores que hac\u00eda que el ma\u00edz no creciera en Argentina, que son las retenciones y los permisos de exportaci\u00f3n. Creo que eso fue clave y casi se duplic\u00f3 el \u00e1rea de ma\u00edz y para nosotros fue realmente muy importante. Otro aspecto positivo es el avance que se hizo con la bioenerg\u00eda, donde el ma\u00edz y el sorgo tienen un lugar importante. Se acaba de licitar en el Renovar 2 as\u00ed que estamos muy conformes\u201d.<\/p>\n<p><strong>Agricultura, ganader\u00eda y lecher\u00eda<\/strong><\/p>\n<p>Por \u00faltimo Raul Cavallo, Presidente de la Bolsa de Cereales de Buenos Aires, manifest\u00f3 que durante el primer a\u00f1o de gesti\u00f3n transcurri\u00f3 una campa\u00f1a agr\u00edcola que recogi\u00f3 los beneficios del cambio de pol\u00edtica y los resultados fueron concluyentes: \u201ccampa\u00f1a de producci\u00f3n r\u00e9cord, un fluido comercio de granos y en competencia entre los actores de la demanda, recuperaci\u00f3n de vol\u00famenes exportables y se evidenci\u00f3 una mejora en los paquetes tecnol\u00f3gicos empleados y de ciertos indicadores de sustentabilidad ambiental. El nivel de actividad en crecimiento permiti\u00f3, adem\u00e1s, que la recaudaci\u00f3n fiscal no se resintiera a\u00fan a pesar de la eliminaci\u00f3n de los derechos de exportaci\u00f3n para gran parte del sector y de la reducci\u00f3n en el complejo sojero\u201d.<\/p>\n<p>Por su parte Ra\u00fal Cata, Presidente de la Mesa Nacional de Productores Lecheros, destac\u00f3 que \u201chay un problema que parecer\u00eda que estuviera afuera del sector, pero es serio. Es la situaci\u00f3n de Sancor. Una empresa de ese tama\u00f1o, ha demostrado la situaci\u00f3n cr\u00edtica del sector y se hace evidente que son problemas pol\u00edticas. Se est\u00e1 empezando a tener un sistema estad\u00edstico claro. Todav\u00eda las fuentes marcan n\u00fameros muy distintos, tanto SENASA como lo que se plantea de Agroindustria o algunas entidades\u201d.<\/p>\n<p>Mario Ravettino, Presidente del Consorcio de Exportadores de Carnes Argentinas a\u00f1adi\u00f3: \u201cPara mi es altamente positiva. Es la primera vez en la historia que un presidente recibe seis veces en el a\u00f1o a la cadena de ganado y carnes para interiorizarse en la problem\u00e1tica y para implementar soluciones. Otras est\u00e1n en discusi\u00f3n. Tanto el presidente como el nuevo ministro, tienen la m\u00e1s amplia predisposici\u00f3n para trabajar en lo que el sector necesita\u201d.<\/p>\n<p>Fuente: NewsAgrofyo.com<\/p>\n","protected":false},"excerpt":{"rendered":"<p>Al cumplirse la mitad del mandato del gobierno de Cambiemos, los actores pol\u00edticos, gremiales, productivos y empresariales hacen un balance de la gesti\u00f3n de Mauricio Macri<\/p>\n","protected":false},"author":5,"featured_media":0,"comment_status":"open","ping_status":"open","sticky":false,"template":"","format":"standard","meta":[],"categories":[1],"tags":[],"_links":{"self":[{"href":"http:\/\/rurallascolonias.com.ar\/index.php?rest_route=\/wp\/v2\/posts\/15811"}],"collection":[{"href":"http:\/\/rurallascolonias.com.ar\/index.php?rest_route=\/wp\/v2\/posts"}],"about":[{"href":"http:\/\/rurallascolonias.com.ar\/index.php?rest_route=\/wp\/v2\/types\/post"}],"author":[{"embeddable":true,"href":"http:\/\/rurallascolonias.com.ar\/index.php?rest_route=\/wp\/v2\/users\/5"}],"replies":[{"embeddable":true,"href":"http:\/\/rurallascolonias.com.ar\/index.php?rest_route=%2Fwp%2Fv2%2Fcomments&post=15811"}],"version-history":[{"count":1,"href":"http:\/\/rurallascolonias.com.ar\/index.php?rest_route=\/wp\/v2\/posts\/15811\/revisions"}],"predecessor-version":[{"id":15813,"href":"http:\/\/rurallascolonias.com.ar\/index.php?rest_route=\/wp\/v2\/posts\/15811\/revisions\/15813"}],"wp:attachment":[{"href":"http:\/\/rurallascolonias.com.ar\/index.php?rest_route=%2Fwp%2Fv2%2Fmedia&parent=15811"}],"wp:term":[{"taxonomy":"category","embeddable":true,"href":"http:\/\/rurallascolonias.com.ar\/index.php?rest_route=%2Fwp%2Fv2%2Fcategories&post=15811"},{"taxonomy":"post_tag","embeddable":true,"href":"http:\/\/rurallascolonias.com.ar\/index.php?rest_route=%2Fwp%2Fv2%2Ftags&post=15811"}],"curies":[{"name":"wp","href":"https:\/\/api.w.org\/{rel}","templated":true}]}}